{"id":6637,"date":"2022-03-21T19:35:42","date_gmt":"2022-03-21T19:35:42","guid":{"rendered":"https:\/\/visit-meknes.com\/fr\/?p=6637"},"modified":"2022-03-22T19:42:46","modified_gmt":"2022-03-22T19:42:46","slug":"le-musee-dar-jamai-a-meknes-ouvert-au-public-a-partir-du-23-mars","status":"publish","type":"post","link":"https:\/\/visit-meknes.com\/fr\/le-musee-dar-jamai-a-meknes-ouvert-au-public-a-partir-du-23-mars\/","title":{"rendered":"Le mus\u00e9e Dar Jama\u00ef \u00e0 Mekn\u00e8s ouvert au public \u00e0 partir du 23 mars"},"content":{"rendered":"\n<p>Le Mus\u00e9e Dar Jama\u00ef \u00e0 Mekn\u00e8s rouvre ses portes au public \u00e0 partir du 23 mars. Apr\u00e8s des mois de travaux de restauration, ce monument est d\u00e9sormais d\u00e9di\u00e9 \u00e0 la musique marocaine. L&rsquo;inauguration officielle a \u00e9t\u00e9 organis\u00e9e le lundi 21 mars, en pr\u00e9sence de Chakib Benmoussa, ministre de l&rsquo;\u00c9ducation nationale, du pr\u00e9scolaire et des sports, Mehdi Qotbi, pr\u00e9sident de la FNM, et Abdelaziz El Idrissi, directeur du Mus\u00e9e Mohammed VI et des collections. Situ\u00e9 \u00e0 c\u00f4t\u00e9 de la fameuse place El H\u00e9dim \u00e0 la m\u00e9dina de la ville isma\u00e9lite, ce Mus\u00e9e national de la musique met en valeur le patrimoine musical marocain, en particulier, la musique instrumentale et le chant. Pens\u00e9 par la Fondation nationale des mus\u00e9es (FNM), Dar Jama\u00ef affiche \u00ables composantes essentielles de l\u2019identit\u00e9 et de la m\u00e9moire collective marocaine\u00bb. En visitant ce lieu, on d\u00e9couvre une riche exposition autour des instruments, des r\u00e9pertoires musicaux, du r\u00f4le de la musique dans la vie, de l\u2019apport des migrations&#8230; Le parcours commence \u00e0 l\u2019entr\u00e9e du mus\u00e9e et se poursuit dans ses deux niveaux.<\/p>\n\n\n\n<p>A\u00e9rophones, cordophones, membranophones, idiophones, plus d\u2019une centaine d\u2019instruments proposent un voyage sensoriel au sein de Dar Jama\u00ef. L\u2019exposition invite \u00e0 la d\u00e9couverte des instruments de percussion qui regroupent, entre autres, la musique Hyayna, les instruments phares de la musique hassanie, un espace de projections qui permet une immersion totale dans la musique et la danse Ahwach&#8230; Trois repr\u00e9sentations d\u00e9di\u00e9es chacune \u00e0 un ensemble musical de confr\u00e9ries Hmadcha, Gnawa et Issawa, sont \u00e9galement mises en avant ainsi qu\u2019un espace consacr\u00e9 \u00e0 la musique d\u2019Ahl Touat, un film sur l\u2019art de la A\u00efta&#8230; \u00c0 l\u2019\u00e9tage, un espace attribu\u00e9 \u00e0 la th\u00e9matique de la musique \u00abAl Ala\u00bb ou savante, forme tout un chapitre dans ce mus\u00e9e. Les trois salles adjacentes accueillent des instruments de la musique andalouse, Melhoun, Gharnati et jud\u00e9o-marocaine. Un autre espace est consacr\u00e9 \u00e0 la musique amazighe avec des bornes tactiles et des bancs d\u2019\u00e9coute. Le Mus\u00e9e Dar Jama\u00ef propose, aussi, un espace didactique d\u00e9di\u00e9 aux ateliers de fabrication des instruments musicaux. La visite de cet espace culturel donne l\u2019acc\u00e8s \u00e0 un v\u00e9ritable environnement multi-sensoriel et communicationnel.<\/p>\n\n\n\n<p><strong>Histoire de Dar Jama\u00ef<\/strong><\/p>\n\n\n\n<p>Selon la FNM, le Mus\u00e9e Dar Jama\u00ef est \u00e0 l\u2019origine une r\u00e9sidence priv\u00e9e construite en 1882. De type hispano-mauresque, ce majestueux palais constitue un sp\u00e9cimen des demeures des \u00abfamilles du makhzen\u00bb marocaines de la fin du 19e si\u00e8cle. \u00abAppartenant \u00e0 Mohamed Ben Larbi Jama\u00ef, grand vizir du Sultan Moulay Hassan 1er (1873-1894), cette vaste demeure a fini par \u00eatre vendue au Glaoui de Marrakech, qui n\u2019est jamais venu y habiter\u00bb, indique la Fondation nationale des mus\u00e9es sur son site web. En 1912, les Fran\u00e7ais r\u00e9cup\u00e8rent la b\u00e2tisse et am\u00e9nagent un h\u00f4pital militaire dans sa partie centrale. \u00abCe n\u2019est qu\u2019en 1920 que le b\u00e2timent est attribu\u00e9 dans sa totalit\u00e9 \u00e0 l\u2019Inspection r\u00e9gionale des beaux-arts qui le transforme en Mus\u00e9e, avec une importante galerie d\u2019artisanat\u00bb, apprend-on de m\u00eame source. Depuis, Dar Jama\u00ef est class\u00e9 monument historique.<\/p>\n\n\n\n<p>SOURCE : <a rel=\"noreferrer noopener\" href=\"https:\/\/lematin.ma\/express\/2022\/musee-dar-jamai-meknes-ouvert-public-partir-23-mars\/373568.html\" target=\"_blank\">lematin.ma<\/a><\/p>\n","protected":false},"excerpt":{"rendered":"<p>Le Mus\u00e9e Dar Jama\u00ef \u00e0 Mekn\u00e8s rouvre ses portes au public \u00e0 partir du 23 mars. Apr\u00e8s des mois de travaux de restauration, ce monument est d\u00e9sormais d\u00e9di\u00e9 \u00e0 la musique marocaine. L&rsquo;inauguration officielle a \u00e9t\u00e9 organis\u00e9e le lundi 21 mars, en pr\u00e9sence de Chakib Benmoussa, ministre de l&rsquo;\u00c9ducation nationale, du pr\u00e9scolaire et des sports,<\/p>\n","protected":false},"author":2,"featured_media":6638,"comment_status":"open","ping_status":"open","sticky":false,"template":"","format":"standard","meta":{"footnotes":""},"categories":[6],"tags":[],"_links":{"self":[{"href":"https:\/\/visit-meknes.com\/fr\/wp-json\/wp\/v2\/posts\/6637"}],"collection":[{"href":"https:\/\/visit-meknes.com\/fr\/wp-json\/wp\/v2\/posts"}],"about":[{"href":"https:\/\/visit-meknes.com\/fr\/wp-json\/wp\/v2\/types\/post"}],"author":[{"embeddable":true,"href":"https:\/\/visit-meknes.com\/fr\/wp-json\/wp\/v2\/users\/2"}],"replies":[{"embeddable":true,"href":"https:\/\/visit-meknes.com\/fr\/wp-json\/wp\/v2\/comments?post=6637"}],"version-history":[{"count":2,"href":"https:\/\/visit-meknes.com\/fr\/wp-json\/wp\/v2\/posts\/6637\/revisions"}],"predecessor-version":[{"id":6640,"href":"https:\/\/visit-meknes.com\/fr\/wp-json\/wp\/v2\/posts\/6637\/revisions\/6640"}],"wp:featuredmedia":[{"embeddable":true,"href":"https:\/\/visit-meknes.com\/fr\/wp-json\/wp\/v2\/media\/6638"}],"wp:attachment":[{"href":"https:\/\/visit-meknes.com\/fr\/wp-json\/wp\/v2\/media?parent=6637"}],"wp:term":[{"taxonomy":"category","embeddable":true,"href":"https:\/\/visit-meknes.com\/fr\/wp-json\/wp\/v2\/categories?post=6637"},{"taxonomy":"post_tag","embeddable":true,"href":"https:\/\/visit-meknes.com\/fr\/wp-json\/wp\/v2\/tags?post=6637"}],"curies":[{"name":"wp","href":"https:\/\/api.w.org\/{rel}","templated":true}]}}