{"id":6475,"date":"2020-06-25T23:07:42","date_gmt":"2020-06-25T23:07:42","guid":{"rendered":"https:\/\/visit-meknes.com\/fr\/?p=6475"},"modified":"2020-06-25T23:11:00","modified_gmt":"2020-06-25T23:11:00","slug":"reprise-de-lactivite-de-lhebergement-touristique-les-hoteliers-de-meknes-fin-prets","status":"publish","type":"post","link":"https:\/\/visit-meknes.com\/fr\/reprise-de-lactivite-de-lhebergement-touristique-les-hoteliers-de-meknes-fin-prets\/","title":{"rendered":"Reprise de l\u2019activit\u00e9 de l\u2019h\u00e9bergement touristique : Les h\u00f4teliers de Mekn\u00e8s fin pr\u00eats"},"content":{"rendered":"\n<p>Mekn\u00e8s \u2013 Dans les unit\u00e9s h\u00f4teli\u00e8res de Mekn\u00e8s, l\u2019heure est \u00e0 la mobilisation parmi les professionnels, les g\u00e9rants et le personnel pour entamer, malgr\u00e9 les incertitudes persistantes, la phase post-confinement de la mani\u00e8re la plus s\u00fbre possible, en garantissant la s\u00e9curit\u00e9 et la sant\u00e9 de tous et en limitant la propagation du virus.<\/p>\n\n\n\n<p>Des gels antiseptiques, des cam\u00e9ras thermiques, des masques et des op\u00e9rations de d\u00e9sinfection r\u00e9guli\u00e8res\u2026tous les moyens sont bons pour rassurer les potentiels clients dans la perspective d\u2019une reprise qui sera, de l\u2019avis de plusieurs professionnels de la place, progressive, mais surtout \u201ctimide\u201d.<\/p>\n\n\n\n<p>\u2018\u2019La reprise touristique va \u00eatre tr\u00e8s timide et ne d\u00e9passera pas 30pc au maximum des recettes des unit\u00e9s h\u00f4teli\u00e8res, car il s\u2019agit d\u2019une premi\u00e8re phase qui devrait \u00eatre confort\u00e9e par une politique globale et plus agressive\u2019\u2019, a confi\u00e9 \u00e0 la MAP le pr\u00e9sident du Conseil pr\u00e9fectoral du tourisme (CPT) de Mekn\u00e8s, Adil Terrab.<\/p>\n\n\n\n<p>N\u2019emp\u00eache que depuis l\u2019annonce de la reprise de l\u2019activit\u00e9 de l\u2019h\u00e9bergement touristique et des vols domestiques dans le Royaume, les h\u00f4teliers de la capitale isma\u00e9lienne se sont mobilis\u00e9s pour mettre le cap, Covid19 oblige, sur le tourisme interne.<\/p>\n\n\n\n<p>Pour Nidal Lahlou, pr\u00e9sident de la F\u00e9d\u00e9ration de l\u2019industrie de l\u2019h\u00f4tellerie de Mekn\u00e8s, la capitale isma\u00e9lienne est \u201cfin pr\u00eate\u201d pour entamer cette nouvelle phase que les h\u00f4teliers \u2018\u2019souhaitent r\u00e9ussir aussi brillamment que la premi\u00e8re\u2019\u2019, faisant r\u00e9f\u00e9rence \u00e0 la gestion exemplaire de cette crise par le Maroc \u201cl\u2019un des pays qui a g\u00e9r\u00e9 au mieux et avec la rapidit\u00e9 requise la pand\u00e9mie \u00e0 la faveur des Orientations de SM le Roi Mohammed VI\u201d.<\/p>\n\n\n\n<p>Pour respecter les consignes sanitaires et d\u2019hygi\u00e8ne, \u201cnous nous sommes assur\u00e9s les dispositifs les plus pointus et les plus avanc\u00e9s permettant de respecter les gestes barri\u00e8res et de distanciation sociale pour pr\u00e9server la sant\u00e9 des clients et du personnel\u201d, a-t-il relev\u00e9.<\/p>\n\n\n\n<p>Un avis partag\u00e9 par Yassir Benzakri, du secteur des Riyads \u00e0 Mekn\u00e8s, qui a rassur\u00e9 que toutes les mesures en termes d\u2019hygi\u00e8ne et de s\u00e9curit\u00e9 sanitaire, ont \u00e9t\u00e9 prises pour accueillir les futurs clients dans de tr\u00e8s bonnes conditions, ajoutant que les professionnels de l\u2019h\u00f4tellerie sont convaincus que \u2018\u2019l\u2019avenir de l\u2019activit\u00e9 touristique d\u00e9pend particuli\u00e8rement de l\u2019ouverture des fronti\u00e8res\u2019\u2019.<\/p>\n\n\n\n<p>Mohamed Mkhat, directeur d\u2019un h\u00f4tel de la place, a indiqu\u00e9, de son c\u00f4t\u00e9, que cette unit\u00e9 a pris une s\u00e9rie de mesures pr\u00e9ventives touchant \u00e0 la fois le personnel et les clients, notamment l\u2019obligation du port des bavettes, le respect des mesures de distanciation au niveau des diff\u00e9rentes d\u00e9pendances de l\u2019h\u00f4tel et la d\u00e9sinfection r\u00e9guli\u00e8re des chambres, des restaurants, mais aussi des bagages des clients.<\/p>\n\n\n\n<p>Le minist\u00e8re du tourisme, de l\u2019artisanat, du transport a\u00e9rien et de l\u2019\u00e9conomie sociale avait annonc\u00e9, dimanche dernier, la reprise, \u00e0 partir du 25 juin 2020, de l\u2019activit\u00e9 de l\u2019h\u00e9bergement touristique.<\/p>\n\n\n\n<p>Cette d\u00e9cision fait suite au communiqu\u00e9 conjoint des minist\u00e8res de l\u2019int\u00e9rieur, de la sant\u00e9, de l\u2019industrie, du commerce, de l\u2019\u00e9conomie verte et num\u00e9rique, relatif au passage \u00e0 la 2\u00e8me phase du plan d\u2019all\u00e8gement du confinement sanitaire. La reprise de l\u2019activit\u00e9 de l\u2019h\u00e9bergement touristique sera limit\u00e9e, dans un premier temps, en termes de capacit\u00e9 et conditionn\u00e9e g\u00e9ographiquement en fonction de la zone d\u2019exercice.<\/p>\n\n\n\n<p>A cet effet, les \u00e9tablissements d\u2019h\u00e9bergement touristique (EHT) sont tenus de respecter les dispositions sanitaires permettant de garantir la s\u00e9curit\u00e9 sanitaire aussi bien des clients, du personnel et de tous les autres usagers desdits \u00e9tablissements.<\/p>\n\n\n\n<p>Ces dispositions concernent notamment la d\u00e9sinfection r\u00e9guli\u00e8re de l\u2019ensemble des d\u00e9partements de l\u2019EHT, la limitation du nombre de clients pouvant acc\u00e9der \u00e0 l\u2019EHT en m\u00eame temps, l\u2019instauration d\u2019un vide sanitaire de 6h entre chaque r\u00e9servation et la d\u00e9sinfection des bagages au moment du check-in et \u00e0 la remise des cl\u00e9s par les clients lors du check-out.<\/p>\n\n\n\n<figure class=\"wp-block-image is-resized\"><img loading=\"lazy\" decoding=\"async\" src=\"https:\/\/www.mapnews.ma\/fr\/sites\/all\/themes\/mapnews\/logo.png\" alt=\"Accueil\" width=\"276\" height=\"68\"\/><\/figure>\n","protected":false},"excerpt":{"rendered":"<p>Mekn\u00e8s \u2013 Dans les unit\u00e9s h\u00f4teli\u00e8res de Mekn\u00e8s, l\u2019heure est \u00e0 la mobilisation parmi les professionnels, les g\u00e9rants et le personnel pour entamer, malgr\u00e9 les incertitudes persistantes, la phase post-confinement de la mani\u00e8re la plus s\u00fbre possible, en garantissant la s\u00e9curit\u00e9 et la sant\u00e9 de tous et en limitant la propagation du virus. Des gels<\/p>\n","protected":false},"author":2,"featured_media":6476,"comment_status":"open","ping_status":"open","sticky":false,"template":"","format":"standard","meta":{"footnotes":""},"categories":[6],"tags":[],"_links":{"self":[{"href":"https:\/\/visit-meknes.com\/fr\/wp-json\/wp\/v2\/posts\/6475"}],"collection":[{"href":"https:\/\/visit-meknes.com\/fr\/wp-json\/wp\/v2\/posts"}],"about":[{"href":"https:\/\/visit-meknes.com\/fr\/wp-json\/wp\/v2\/types\/post"}],"author":[{"embeddable":true,"href":"https:\/\/visit-meknes.com\/fr\/wp-json\/wp\/v2\/users\/2"}],"replies":[{"embeddable":true,"href":"https:\/\/visit-meknes.com\/fr\/wp-json\/wp\/v2\/comments?post=6475"}],"version-history":[{"count":2,"href":"https:\/\/visit-meknes.com\/fr\/wp-json\/wp\/v2\/posts\/6475\/revisions"}],"predecessor-version":[{"id":6479,"href":"https:\/\/visit-meknes.com\/fr\/wp-json\/wp\/v2\/posts\/6475\/revisions\/6479"}],"wp:featuredmedia":[{"embeddable":true,"href":"https:\/\/visit-meknes.com\/fr\/wp-json\/wp\/v2\/media\/6476"}],"wp:attachment":[{"href":"https:\/\/visit-meknes.com\/fr\/wp-json\/wp\/v2\/media?parent=6475"}],"wp:term":[{"taxonomy":"category","embeddable":true,"href":"https:\/\/visit-meknes.com\/fr\/wp-json\/wp\/v2\/categories?post=6475"},{"taxonomy":"post_tag","embeddable":true,"href":"https:\/\/visit-meknes.com\/fr\/wp-json\/wp\/v2\/tags?post=6475"}],"curies":[{"name":"wp","href":"https:\/\/api.w.org\/{rel}","templated":true}]}}