{"id":6449,"date":"2020-06-15T21:10:42","date_gmt":"2020-06-15T21:10:42","guid":{"rendered":"https:\/\/visit-meknes.com\/fr\/?p=6449"},"modified":"2020-06-15T21:19:43","modified_gmt":"2020-06-15T21:19:43","slug":"le-conseil-provincial-du-tourisme-de-meknes-saffranchit-de-lonmt-et-du-crt-de-fes","status":"publish","type":"post","link":"https:\/\/visit-meknes.com\/fr\/le-conseil-provincial-du-tourisme-de-meknes-saffranchit-de-lonmt-et-du-crt-de-fes\/","title":{"rendered":"Le Conseil Provincial du Tourisme de Mekn\u00e8s s\u2019affranchit de l\u2019ONMT et du CRT de F\u00e9s"},"content":{"rendered":"\n<p>Dans un communiqu\u00e9 adress\u00e9 \u00e0 la r\u00e9daction de l\u2019expressTV, le Bureau ex\u00e9cutif du Conseil Provincial du Tourisme de Mekn\u00e8s (CPTM) vient d\u2019annoncer son intention de mener sa propre campagne de promotion sans passer ni par l\u2019ONMT ni par le CRT de F\u00e8s.<\/p>\n\n\n\n<p>La r\u00e9action du CPTM intervient suite au lancement par l\u2019ONMT d\u2019un appel \u00e0 manifestation d\u2019int\u00e9r\u00eat \u00e0 l\u2019attention des CRT pour mener conjointement des campagnes promotionnelles et \u00e0 la participation du CPTM \u00e0 la r\u00e9union du 13 Juin 2020 consacr\u00e9e \u00e0 cet effet.<\/p>\n\n\n\n<p>Le bureau ex\u00e9cutif du CPTM se dit \u00ab surpris et stup\u00e9fait \u00bb face \u00e0 l\u2019adoption, lors de la R\u00e9union, d\u2019une approche lui imposant de passer par le CRT F\u00e8s pour participer \u00e0 cette op\u00e9ration.<\/p>\n\n\n\n<p>Dans le m\u00eame communiqu\u00e9, le CPTM souligne que le CRT de F\u00e8s ne dispose d\u2019aucune l\u00e9gitimit\u00e9 repr\u00e9sentative \u00e0 l\u2019\u00e9chelon r\u00e9gional et annonce son intention de mener sa propre campagne de promotion selon les modalit\u00e9s requises, conform\u00e9ment \u00e0 ses statuts et son plan d\u2019action.<\/p>\n\n\n\n<p>Communiqu\u00e9 de presse du CPT Meknes : <a rel=\"noreferrer noopener\" aria-label=\"FR (s\u2019ouvre dans un nouvel onglet)\" href=\"https:\/\/visit-meknes.com\/fr\/wp-content\/uploads\/2020\/06\/Communiqu\u00e9-de-presse.pdf\" target=\"_blank\">FR<\/a> &#8211; <a href=\"https:\/\/visit-meknes.com\/fr\/wp-content\/uploads\/2020\/06\/\u0628\u0644\u0627\u063a-\u0635\u062d\u0641\u064a.pdf\" target=\"_blank\" rel=\"noreferrer noopener\" aria-label=\"AR (s\u2019ouvre dans un nouvel onglet)\">AR<\/a><\/p>\n\n\n\n<figure class=\"wp-block-image is-resized\"><img loading=\"lazy\" decoding=\"async\" src=\"https:\/\/fr.expresstv.ma\/wp-content\/uploads\/2020\/06\/logo-tv_D5.png\" alt=\"Express TV\" width=\"128\" height=\"57\"\/><\/figure>\n","protected":false},"excerpt":{"rendered":"<p>Dans un communiqu\u00e9 adress\u00e9 \u00e0 la r\u00e9daction de l\u2019expressTV, le Bureau ex\u00e9cutif du Conseil Provincial du Tourisme de Mekn\u00e8s (CPTM) vient d\u2019annoncer son intention de mener sa propre campagne de promotion sans passer ni par l\u2019ONMT ni par le CRT de F\u00e8s. La r\u00e9action du CPTM intervient suite au lancement par l\u2019ONMT d\u2019un appel \u00e0<\/p>\n","protected":false},"author":2,"featured_media":6450,"comment_status":"open","ping_status":"open","sticky":false,"template":"","format":"standard","meta":{"footnotes":""},"categories":[6,112],"tags":[],"_links":{"self":[{"href":"https:\/\/visit-meknes.com\/fr\/wp-json\/wp\/v2\/posts\/6449"}],"collection":[{"href":"https:\/\/visit-meknes.com\/fr\/wp-json\/wp\/v2\/posts"}],"about":[{"href":"https:\/\/visit-meknes.com\/fr\/wp-json\/wp\/v2\/types\/post"}],"author":[{"embeddable":true,"href":"https:\/\/visit-meknes.com\/fr\/wp-json\/wp\/v2\/users\/2"}],"replies":[{"embeddable":true,"href":"https:\/\/visit-meknes.com\/fr\/wp-json\/wp\/v2\/comments?post=6449"}],"version-history":[{"count":3,"href":"https:\/\/visit-meknes.com\/fr\/wp-json\/wp\/v2\/posts\/6449\/revisions"}],"predecessor-version":[{"id":6455,"href":"https:\/\/visit-meknes.com\/fr\/wp-json\/wp\/v2\/posts\/6449\/revisions\/6455"}],"wp:featuredmedia":[{"embeddable":true,"href":"https:\/\/visit-meknes.com\/fr\/wp-json\/wp\/v2\/media\/6450"}],"wp:attachment":[{"href":"https:\/\/visit-meknes.com\/fr\/wp-json\/wp\/v2\/media?parent=6449"}],"wp:term":[{"taxonomy":"category","embeddable":true,"href":"https:\/\/visit-meknes.com\/fr\/wp-json\/wp\/v2\/categories?post=6449"},{"taxonomy":"post_tag","embeddable":true,"href":"https:\/\/visit-meknes.com\/fr\/wp-json\/wp\/v2\/tags?post=6449"}],"curies":[{"name":"wp","href":"https:\/\/api.w.org\/{rel}","templated":true}]}}