{"id":6444,"date":"2020-06-06T19:48:23","date_gmt":"2020-06-06T19:48:23","guid":{"rendered":"https:\/\/visit-meknes.com\/fr\/?p=6444"},"modified":"2020-06-06T19:48:27","modified_gmt":"2020-06-06T19:48:27","slug":"rencontre-a-meknes-sur-la-relance-du-secteur-du-tourisme","status":"publish","type":"post","link":"https:\/\/visit-meknes.com\/fr\/rencontre-a-meknes-sur-la-relance-du-secteur-du-tourisme\/","title":{"rendered":"Rencontre \u00e0 Mekn\u00e8s sur la relance du secteur du tourisme"},"content":{"rendered":"\n<p>Mekn\u00e8s \u2013 Une rencontre a r\u00e9uni, r\u00e9cemment \u00e0 Mekn\u00e8s, les professionnels du tourisme et le comit\u00e9 local de veille, consacr\u00e9e \u00e0 l\u2019examen des moyens de relance du secteur, l\u2019un des plus touch\u00e9s par la crise li\u00e9e au Coronavirus.<\/p>\n\n\n\n<p>Les professionnels du secteur ont mis l\u2019accent, \u00e0 cet effet, sur la n\u00e9cessit\u00e9 de coordonner les efforts de l\u2019ensemble des intervenants pour une reprise touristique efficace, d\u2019autant plus que de grands d\u00e9fis les attendent apr\u00e8s la lev\u00e9e du confinement, notamment la rude concurrence sur les plans national et international.<\/p>\n\n\n\n<p>Apr\u00e8s avoir salu\u00e9 l\u2019efficacit\u00e9 des mesures prises au niveau de la ville pour enrayer la pand\u00e9mie du Coronavirus, les intervenants ont soulign\u00e9 l\u2019importance du guide r\u00e9alis\u00e9 \u00e0 l\u2019issue de cette r\u00e9union pour la relance de l\u2019activit\u00e9 touristique au niveau local, lequel porte sur plusieurs propositions relatives au tourisme aux niveaux int\u00e9rieur et ext\u00e9rieur.<\/p>\n\n\n\n<p>Selon eux, un package sp\u00e9cial Mekn\u00e8s -d\u2019une semaine- a \u00e9t\u00e9 con\u00e7u en vue de promouvoir les atouts de la cit\u00e9 isma\u00e9lienne sur les plans agricole, historique, patrimonial et religieux. Ce produit sera pr\u00e9sent\u00e9 avec un prix pr\u00e9f\u00e9rentiel.<\/p>\n\n\n\n<p>Ils ont soulign\u00e9, par ailleurs, la n\u00e9cessit\u00e9 de coordonner les efforts en ce qui concerne les d\u00e9lais de paiement des arri\u00e9r\u00e9s fiscaux, tout en examinant avec les autres secteurs les volets de pr\u00e9vention et de s\u00e9curit\u00e9, les heures de fermeture, ainsi que les difficult\u00e9s li\u00e9s \u00e0 la CNSS, entre autres.<\/p>\n\n\n\n<p>Cette r\u00e9union, qui s\u2019est d\u00e9roul\u00e9e en pr\u00e9sence du maire de la ville Abdellah Bouanou, a \u00e9t\u00e9 l\u2019occasion pour les autorit\u00e9s communales d\u2019exprimer leur disposition \u00e0 travailler en coordination avec les professionnels et d\u2019interagir de mani\u00e8re positive avec l\u2019ensemble des propositions pr\u00e9sent\u00e9es par les professionnels tout en apportant leurs propres suggestions susceptibles de renforcer la reprise touristique.<\/p>\n\n\n\n<p>L\u2019accent a \u00e9t\u00e9 mis aussi sur la n\u00e9cessit\u00e9 d\u2019acc\u00e9l\u00e9rer la mise en place d\u2019une v\u00e9ritable strat\u00e9gie de promotion touristique pour atteindre les objectifs escompt\u00e9s.<\/p>\n\n\n\n<figure class=\"wp-block-image\"><img decoding=\"async\" src=\"http:\/\/www.mapexpress.ma\/wp-content\/themes\/map-v2\/images\/v2\/logo.png\" alt=\"Map Express - Logo\"\/><\/figure>\n","protected":false},"excerpt":{"rendered":"<p>Mekn\u00e8s \u2013 Une rencontre a r\u00e9uni, r\u00e9cemment \u00e0 Mekn\u00e8s, les professionnels du tourisme et le comit\u00e9 local de veille, consacr\u00e9e \u00e0 l\u2019examen des moyens de relance du secteur, l\u2019un des plus touch\u00e9s par la crise li\u00e9e au Coronavirus. Les professionnels du secteur ont mis l\u2019accent, \u00e0 cet effet, sur la n\u00e9cessit\u00e9 de coordonner les efforts<\/p>\n","protected":false},"author":2,"featured_media":6445,"comment_status":"open","ping_status":"open","sticky":false,"template":"","format":"standard","meta":{"footnotes":""},"categories":[6],"tags":[],"_links":{"self":[{"href":"https:\/\/visit-meknes.com\/fr\/wp-json\/wp\/v2\/posts\/6444"}],"collection":[{"href":"https:\/\/visit-meknes.com\/fr\/wp-json\/wp\/v2\/posts"}],"about":[{"href":"https:\/\/visit-meknes.com\/fr\/wp-json\/wp\/v2\/types\/post"}],"author":[{"embeddable":true,"href":"https:\/\/visit-meknes.com\/fr\/wp-json\/wp\/v2\/users\/2"}],"replies":[{"embeddable":true,"href":"https:\/\/visit-meknes.com\/fr\/wp-json\/wp\/v2\/comments?post=6444"}],"version-history":[{"count":1,"href":"https:\/\/visit-meknes.com\/fr\/wp-json\/wp\/v2\/posts\/6444\/revisions"}],"predecessor-version":[{"id":6446,"href":"https:\/\/visit-meknes.com\/fr\/wp-json\/wp\/v2\/posts\/6444\/revisions\/6446"}],"wp:featuredmedia":[{"embeddable":true,"href":"https:\/\/visit-meknes.com\/fr\/wp-json\/wp\/v2\/media\/6445"}],"wp:attachment":[{"href":"https:\/\/visit-meknes.com\/fr\/wp-json\/wp\/v2\/media?parent=6444"}],"wp:term":[{"taxonomy":"category","embeddable":true,"href":"https:\/\/visit-meknes.com\/fr\/wp-json\/wp\/v2\/categories?post=6444"},{"taxonomy":"post_tag","embeddable":true,"href":"https:\/\/visit-meknes.com\/fr\/wp-json\/wp\/v2\/tags?post=6444"}],"curies":[{"name":"wp","href":"https:\/\/api.w.org\/{rel}","templated":true}]}}