{"id":6423,"date":"2020-05-25T22:37:50","date_gmt":"2020-05-25T22:37:50","guid":{"rendered":"https:\/\/visit-meknes.com\/fr\/?p=6423"},"modified":"2020-05-25T22:37:52","modified_gmt":"2020-05-25T22:37:52","slug":"meknes-officiellement-debarrassee-du-coronavirus","status":"publish","type":"post","link":"https:\/\/visit-meknes.com\/fr\/meknes-officiellement-debarrassee-du-coronavirus\/","title":{"rendered":"Mekn\u00e8s officiellement d\u00e9barrass\u00e9e du coronavirus"},"content":{"rendered":"\n<p>La pr\u00e9fecture de Mekn\u00e8s a \u00e9t\u00e9 d\u00e9clar\u00e9e dimanche soir sans Covid19, apr\u00e8s le r\u00e9tablissement du dernier patient sous traitement \u00e0 l\u2019h\u00f4pital Sidi Said, a annonc\u00e9 la d\u00e9l\u00e9gation pr\u00e9fectorale de la sant\u00e9.<\/p>\n\n\n\n<p>Depuis le d\u00e9but de l\u2019\u00e9pid\u00e9mie \u00e0 Mekn\u00e8s, 119 patients ont \u00e9t\u00e9 test\u00e9s positifs et 3.700 cas exclus. Parmi eux, 105 ont \u00e9t\u00e9 gu\u00e9ris tandis que 14 d\u00e9c\u00e8s ont \u00e9t\u00e9 enregistr\u00e9s.<\/p>\n\n\n\n<p>Mekn\u00e8s vient ainsi s\u2019ajouter aux quatre provinces de la r\u00e9gion F\u00e8s-Mekn\u00e8s indemnes du Coronavirus. Il s\u2019agit de Taza, Moulay Yaacoub, Ifrane et Boulemane. Cette derni\u00e8re n&rsquo;a enregistr\u00e9 aucun cas jusqu&rsquo;\u00e0 pr\u00e9sent.<\/p>\n\n\n\n<p>Ces derni\u00e8res 24 heures, onze cas de gu\u00e9rison du nouveau Coronavirus ont \u00e9t\u00e9 enregistr\u00e9s dans la r\u00e9gion F\u00e8s-Mekn\u00e8s, portant \u00e0 765 le nombre total des r\u00e9missions. Le taux de gu\u00e9rison s&rsquo;\u00e9l\u00e8ve ainsi \u00e0 76,9pc, selon le bilan communiqu\u00e9, dimanche \u00e0 16H, par la direction r\u00e9gionale de la sant\u00e9.<\/p>\n\n\n\n<p>La r\u00e9gion a vu, par ailleurs, l\u2019enregistrement de trois nouveaux cas d&rsquo;infection au coronavirus, ce qui porte \u00e0 995 le nombre total des cas de contamination depuis le d\u00e9but de l&rsquo;\u00e9pid\u00e9mie. Parmi eux, 202 sont sous traitement. Le nombre de d\u00e9c\u00e8s dans la r\u00e9gion s\u2019est stabilis\u00e9 \u00e0 27 cas.<\/p>\n\n\n\n<figure class=\"wp-block-image is-resized\"><img loading=\"lazy\" decoding=\"async\" src=\"https:\/\/www.lopinion.ma\/photo\/titre_32829794.png?v=1584116060\" alt=\"L'Opinion\" width=\"152\" height=\"43\"\/><\/figure>\n","protected":false},"excerpt":{"rendered":"<p>La pr\u00e9fecture de Mekn\u00e8s a \u00e9t\u00e9 d\u00e9clar\u00e9e dimanche soir sans Covid19, apr\u00e8s le r\u00e9tablissement du dernier patient sous traitement \u00e0 l\u2019h\u00f4pital Sidi Said, a annonc\u00e9 la d\u00e9l\u00e9gation pr\u00e9fectorale de la sant\u00e9. Depuis le d\u00e9but de l\u2019\u00e9pid\u00e9mie \u00e0 Mekn\u00e8s, 119 patients ont \u00e9t\u00e9 test\u00e9s positifs et 3.700 cas exclus. Parmi eux, 105 ont \u00e9t\u00e9 gu\u00e9ris tandis<\/p>\n","protected":false},"author":2,"featured_media":6257,"comment_status":"open","ping_status":"open","sticky":false,"template":"","format":"standard","meta":{"footnotes":""},"categories":[6],"tags":[],"_links":{"self":[{"href":"https:\/\/visit-meknes.com\/fr\/wp-json\/wp\/v2\/posts\/6423"}],"collection":[{"href":"https:\/\/visit-meknes.com\/fr\/wp-json\/wp\/v2\/posts"}],"about":[{"href":"https:\/\/visit-meknes.com\/fr\/wp-json\/wp\/v2\/types\/post"}],"author":[{"embeddable":true,"href":"https:\/\/visit-meknes.com\/fr\/wp-json\/wp\/v2\/users\/2"}],"replies":[{"embeddable":true,"href":"https:\/\/visit-meknes.com\/fr\/wp-json\/wp\/v2\/comments?post=6423"}],"version-history":[{"count":1,"href":"https:\/\/visit-meknes.com\/fr\/wp-json\/wp\/v2\/posts\/6423\/revisions"}],"predecessor-version":[{"id":6424,"href":"https:\/\/visit-meknes.com\/fr\/wp-json\/wp\/v2\/posts\/6423\/revisions\/6424"}],"wp:featuredmedia":[{"embeddable":true,"href":"https:\/\/visit-meknes.com\/fr\/wp-json\/wp\/v2\/media\/6257"}],"wp:attachment":[{"href":"https:\/\/visit-meknes.com\/fr\/wp-json\/wp\/v2\/media?parent=6423"}],"wp:term":[{"taxonomy":"category","embeddable":true,"href":"https:\/\/visit-meknes.com\/fr\/wp-json\/wp\/v2\/categories?post=6423"},{"taxonomy":"post_tag","embeddable":true,"href":"https:\/\/visit-meknes.com\/fr\/wp-json\/wp\/v2\/tags?post=6423"}],"curies":[{"name":"wp","href":"https:\/\/api.w.org\/{rel}","templated":true}]}}