{"id":6357,"date":"2020-03-10T21:04:50","date_gmt":"2020-03-10T21:04:50","guid":{"rendered":"https:\/\/visit-meknes.com\/fr\/?p=6357"},"modified":"2020-03-10T21:04:52","modified_gmt":"2020-03-10T21:04:52","slug":"musiques-sacrees-de-fes-barbara-hendricks-guest-star-de-bab-al-makina","status":"publish","type":"post","link":"https:\/\/visit-meknes.com\/fr\/musiques-sacrees-de-fes-barbara-hendricks-guest-star-de-bab-al-makina\/","title":{"rendered":"Musiques sacr\u00e9es de F\u00e8s: Barbara Hendricks guest star de Bab Al Makina"},"content":{"rendered":"\n<p><strong>Pr\u00e9vu du 12 au 20 juin, le festival accueille des artistes de 20 pays, \u00abL\u2019architecture et le sacr\u00e9\u00bb \u00e0 l\u2019honneur de la 26e \u00e9dition.<\/strong><\/p>\n\n\n\n<p>C\u2019est officiel. Le festival de F\u00e8s des musiques sacr\u00e9es du monde (FFMSM) est \u00abmaintenu\u00bb et aura lieu du 12 au 20 juin prochain. C\u2019est Abderrafih Zouitene, pr\u00e9sident de la Fondation Esprit de F\u00e8s, organisatrice de l\u2019\u00e9v\u00e9nement, qui l\u2019affirme. Selon lui, \u00able programme de la 26e \u00e9dition est ficel\u00e9 et la manifestation pr\u00e9voit plein de surprises\u00bb.<\/p>\n\n\n\n<p>Pour rappel, le gouvernement avait annonc\u00e9 des mesures de confinement ainsi que l\u2019annulation des \u00e9v\u00e9nements culturels et sportifs du 5 au 31 mars courant, par crainte du Coronavirus. Mais, le FFMSM n\u2019est pas concern\u00e9 par cette d\u00e9cision puisqu\u2019il se d\u00e9roule en juin, tout comme le festival Mawazine de Rabat.<\/p>\n\n\n\n<p>En effet, la nouvelle \u00e9dition du festival phare de la capitale spirituelle se tiendra sous la th\u00e9matique \u00abL\u2019Architecture et le Sacr\u00e9\u00bb. \u00abUne \u00e9dition qui sera l\u2019occasion d\u2019un voyage \u00e0 travers le monde et le temps pour explorer comment les hommes de toutes religions ont utilis\u00e9 et magnifi\u00e9 l\u2019architecture afin d\u2019exprimer leur qu\u00eate du sacr\u00e9\u00bb, promet Zouitene.<\/p>\n\n\n\n<p>Et de poursuivre : \u00ab \u00abl\u2019exploration des monuments religieux parmi les plus embl\u00e9matiques du monde nous transportera dans l\u2019histoire de ce long et riche dialogue des hommes avec le divin\u00bb. Une histoire o\u00f9 les mosqu\u00e9es, les synagogues, les \u00e9glises et les temples, ne sont d\u2019ailleurs pas simplement la mat\u00e9rialisation de croyances; ils sont aussi le t\u00e9moignage physique de grands mouvements historiques, comme les migrations, les conqu\u00eates, les r\u00e9volutions philosophiques, artistiques, l\u2019\u00e9volution des dogmes\u2026<\/p>\n\n\n\n<p>\u00abNotre pays donne bien l\u2019exemple, tout au long de son histoire avec l\u2019\u00e9dification de magnifiques lieux de cultes et de savoir tels que la Mosqu\u00e9e Hassan II, la Quaraouiyine, la grande Mosqu\u00e9e de Taza, Tinmel\u2026\u00bb, exprime l\u2019ancien patron de l\u2019ONMT. Selon lui, \u00abces lieux qui ont permis de fa\u00e7onner cet esprit de tol\u00e9rance et d\u2019ouverture caract\u00e9ristiques de notre pays; la pr\u00e9servation et la valorisation de la m\u00e9moire jud\u00e9o-marocaine unique en son genre au Sud de la M\u00e9diterran\u00e9e et en terre d\u2019Islam en est une parfaite illustration\u00bb.<\/p>\n\n\n\n<p>C\u00f4t\u00e9 programme, cette 26e \u00e9dition verra la pr\u00e9sence de troupes artistiques en provenance de plus de 20 pays, de la Mongolie, du Tibet, de la Cor\u00e9e du Sud, en passant par l\u2019Inde, l\u2019Indon\u00e9sie, les \u00c9tats-Unis, la France, l\u2019Italie, l\u2019Egypte\u2026 Ainsi, le coup d\u2019envoi sera donn\u00e9 \u00e0 travers une cr\u00e9ation intitul\u00e9e \u00abl\u2019architecture du sacr\u00e9, de la terre au ciel\u00bb.<\/p>\n\n\n\n<p>\u00abCe spectacle sera un voyage \u00e0 travers les grandes architectures sacr\u00e9es du monde de l\u2019Asie au Royaume du Maroc, de l\u2019Orient \u00e0 l\u2019Occident\u00bb, pr\u00e9sente Alain Weber, directeur artistique du festival. Et d\u2019ajouter : \u00abCath\u00e9drales, mosqu\u00e9es, temples ob\u00e9issent aux lois de la proportion divine inspir\u00e9e de celle du corps humain \u00e0 travers le mythique nombre d\u2019or. Les b\u00e2tisseurs du Moyen-\u00e2ge en se basant sciemment sur des nombres irrationnels, avaient la conviction qu\u2019en cr\u00e9ant la Terre et l\u2019Univers Dieu leur r\u00e9v\u00e9lait un secret\u00bb. Entre nature et sacr\u00e9e et \u00e0 travers les artistes en transit d\u2019Extr\u00eame-Orient en l\u2019Am\u00e9rique, le spectacle-cr\u00e9ation traversera diff\u00e9rents \u00e9cosyst\u00e8mes, manifestations tangibles d\u2019un ordre universel de plus en plus menac\u00e9.<\/p>\n\n\n\n<p>Parmi les artistes qui animeront la sc\u00e8ne de Bab Al Makina figurent Bardes de l\u2019Himalaya et de l\u2019Alta\u00ef Mongol, voix du d\u00e9sert du Rajasthan, sam\u00e2 mystique du Maroc, voix liturgiques des \u00e9glises d\u2019Arm\u00e9nie et musiques anciennes de l\u2019Occident d\u00e9montreront, tout comme la cr\u00e9ation architecturale, la diversit\u00e9 du g\u00e9nie humain.<\/p>\n\n\n\n<p>Le programme compte aussi la tradition populaire des Appalaches et musique klezmer, les chants bretons revisit\u00e9s et xylophones du Mozambique, chants soufis d\u2019aujourd\u2019hui, les l\u00e9gendes de Cor\u00e9e, le chant jud\u00e9o latino, ou encore les m\u00e9lop\u00e9es de l\u2019ancien royaume hindouiste de Sunda, le blues et gospel port\u00e9s par la voix de la chanteuse am\u00e9ricaine Barbara Hendricks.<\/p>\n\n\n\n<p>Cette derni\u00e8re fait revivre, \u00e0 travers son blues, toutes les \u00e9motions humaines dans leur universalit\u00e9 (souffrance, joie, peur, et espoir). Pr\u00e9vue pour le spectacle du 13 juin, Hendricks est un symbole dans l\u2019histoire musicale du festival des musiques sacr\u00e9es. Une des cantatrices les plus r\u00e9put\u00e9es au monde, elle fut l\u2019une des premi\u00e8res \u00e0 se produire \u00e0 F\u00e8s.<\/p>\n\n\n\n<p>Aujourd\u2019hui Barbara Hendricks sillonne toujours le monde de la musique et avec son nouveau projet : The Road to Freedom (Le Chemin vers la Libert\u00e9). Les artistes choisis pour cette \u00e9dition \u00abexpriment inlassablement la tentative de sublimer ce lien entre humain et divin, nature et monde c\u00e9leste. Monde dont, pendant ce festival, F\u00e8s se fera l\u2019\u00e9crin, le temps d\u2019un festival\u00bb, conclut Weber.<\/p>\n\n\n\n<p><strong>Hommage \u00e0 Mekn\u00e8s<\/strong><\/p>\n\n\n\n<p>\u00abUn hommage particulier sera rendu aux traditions musicales de Mekn\u00e8s lors d\u2019une soir\u00e9e d\u00e9di\u00e9e \u00e0 Bab El Makina\u00bb, annonce Zouitene. Et d\u2019ajouter: \u00abil y aura autant de moments forts que vous vivrez avec beaucoup d\u2019\u00e9motion\u00bb. Parmi ces moments, l\u2019on peut citer le Forum de F\u00e8s, du 13 au 14 juin, qui verra la pr\u00e9sence de plusieurs intervenants nationaux et internationaux de renom autour de la th\u00e9matique \u00abL\u2019Architecture et le Sacr\u00e9\u00bb. En attendant, les responsables de la Fondation Esprit de F\u00e8s veulent donner un nouveau souffle \u00e0 leur ONG, la pr\u00e9munir de toute orientation partisane et se donner les moyens de garantir un meilleur rayonnement de F\u00e8s. Ils s\u2019assignent l\u2019objectif de favoriser le d\u00e9veloppement culturel et le tourisme, et promouvoir l\u2019image de F\u00e8s et plus largement celle du Maroc, au moyen d\u2019un label \u00abSpirit of F\u00e8s\u00bb diffus\u00e9 \u00e0 travers le monde.<\/p>\n","protected":false},"excerpt":{"rendered":"<p>Pr\u00e9vu du 12 au 20 juin, le festival accueille des artistes de 20 pays, \u00abL\u2019architecture et le sacr\u00e9\u00bb \u00e0 l\u2019honneur de la 26e \u00e9dition. C\u2019est officiel. Le festival de F\u00e8s des musiques sacr\u00e9es du monde (FFMSM) est \u00abmaintenu\u00bb et aura lieu du 12 au 20 juin prochain. C\u2019est Abderrafih Zouitene, pr\u00e9sident de la Fondation Esprit<\/p>\n","protected":false},"author":2,"featured_media":6358,"comment_status":"open","ping_status":"open","sticky":false,"template":"","format":"standard","meta":{"footnotes":""},"categories":[6],"tags":[],"_links":{"self":[{"href":"https:\/\/visit-meknes.com\/fr\/wp-json\/wp\/v2\/posts\/6357"}],"collection":[{"href":"https:\/\/visit-meknes.com\/fr\/wp-json\/wp\/v2\/posts"}],"about":[{"href":"https:\/\/visit-meknes.com\/fr\/wp-json\/wp\/v2\/types\/post"}],"author":[{"embeddable":true,"href":"https:\/\/visit-meknes.com\/fr\/wp-json\/wp\/v2\/users\/2"}],"replies":[{"embeddable":true,"href":"https:\/\/visit-meknes.com\/fr\/wp-json\/wp\/v2\/comments?post=6357"}],"version-history":[{"count":1,"href":"https:\/\/visit-meknes.com\/fr\/wp-json\/wp\/v2\/posts\/6357\/revisions"}],"predecessor-version":[{"id":6359,"href":"https:\/\/visit-meknes.com\/fr\/wp-json\/wp\/v2\/posts\/6357\/revisions\/6359"}],"wp:featuredmedia":[{"embeddable":true,"href":"https:\/\/visit-meknes.com\/fr\/wp-json\/wp\/v2\/media\/6358"}],"wp:attachment":[{"href":"https:\/\/visit-meknes.com\/fr\/wp-json\/wp\/v2\/media?parent=6357"}],"wp:term":[{"taxonomy":"category","embeddable":true,"href":"https:\/\/visit-meknes.com\/fr\/wp-json\/wp\/v2\/categories?post=6357"},{"taxonomy":"post_tag","embeddable":true,"href":"https:\/\/visit-meknes.com\/fr\/wp-json\/wp\/v2\/tags?post=6357"}],"curies":[{"name":"wp","href":"https:\/\/api.w.org\/{rel}","templated":true}]}}