{"id":6293,"date":"2020-02-21T22:09:55","date_gmt":"2020-02-21T22:09:55","guid":{"rendered":"https:\/\/visit-meknes.com\/fr\/?p=6293"},"modified":"2020-02-21T22:09:57","modified_gmt":"2020-02-21T22:09:57","slug":"festival-international-du-film-de-fes-en-juin-prochain","status":"publish","type":"post","link":"https:\/\/visit-meknes.com\/fr\/festival-international-du-film-de-fes-en-juin-prochain\/","title":{"rendered":"Festival international du film de F\u00e8s, en juin prochain"},"content":{"rendered":"\n<p>La 2\u00e8me \u00e9dition du festival international du film de F\u00e8s (FIFF) aura lieu du 20 au 26 juin prochain, avec la participation d\u2019une vingtaine d\u2019\u0153uvres cin\u00e9matographiques de divers coins du monde.<\/p>\n\n\n\n<p>Initi\u00e9e par l\u2019association \u00e9ponyme, en partenariat avec la r\u00e9gion F\u00e8s-Mekn\u00e8s et la commune de F\u00e8s et en collaboration avec la direction r\u00e9gionale de la culture, cette manifestation artistique tend \u00e0 renforcer l\u2019animation culturelle dans la ville et \u00e0 contribuer \u00e0 la dynamisation de la production du film marocain et \u00e0 la promotion de l\u2019industrie cin\u00e9matographique nationale.<\/p>\n\n\n\n<p>Organis\u00e9 avec l\u2019appui du Conseil r\u00e9gional du tourisme et le Centre cin\u00e9matographique marocain, le festival pr\u00e9voit la projection de longs et courts m\u00e9trages de France, Belgique, Italie, Allemagne, Pays-Bas, Russie, Portugal, Alg\u00e9rie, Espagne, Gr\u00e8ce, Tunisie, Mexique, Inde et d\u2019\u00c9gypte, outre le Maroc.<\/p>\n\n\n\n<p>Cet \u00e9v\u00e9nement, dont les activit\u00e9s seront r\u00e9parties entre le complexe culturel Al Houriya et la place Abi El Jounoud, comprend aussi des rencontres et des conf\u00e9rences th\u00e9matiques ax\u00e9es notamment sur la production et la distribution du film cin\u00e9matographique.<\/p>\n\n\n\n<p>Le FIFF pr\u00e9voit aussi une c\u00e9r\u00e9monie en hommage \u00e0 une pl\u00e9iade de figures du cin\u00e9ma et de l\u2019art marocains, en reconnaissance \u00e0 leur contribution \u00e0 l\u2019enrichissement du patrimoine culturel national.<\/p>\n\n\n\n<p>Cette manifestation sera marqu\u00e9e par la remise de prix aux meilleures \u0153uvres artistiques dans plusieurs cat\u00e9gories, dont \u2018\u2019le grand prix de F\u00e8s\u2019\u2019, \u2018\u2019le prix du Jury\u2019\u2019, \u2018\u2019le prix du meilleur r\u00e9alisateur\u2019\u2019, \u2018\u2019le prix du meilleur scenario\u2019\u2019 et \u2018\u2019le prix de la meilleure interpr\u00e9tation masculine et f\u00e9minine\u2019\u2019.<\/p>\n\n\n\n<figure class=\"wp-block-image\"><img decoding=\"async\" src=\"http:\/\/www.mapfes.ma\/map\/themes\/publisher\/images\/map-logo2.jpg\" alt=\"logo MAP\"\/><\/figure>\n\n\n\n<figure class=\"wp-block-image\"><img decoding=\"async\" src=\"http:\/\/www.mapfes.ma\/map\/uploads\/2019\/01\/Logo-F%C3%A8s.png\" alt=\"Map Fes\"\/><\/figure>\n","protected":false},"excerpt":{"rendered":"<p>La 2\u00e8me \u00e9dition du festival international du film de F\u00e8s (FIFF) aura lieu du 20 au 26 juin prochain, avec la participation d\u2019une vingtaine d\u2019\u0153uvres cin\u00e9matographiques de divers coins du monde. Initi\u00e9e par l\u2019association \u00e9ponyme, en partenariat avec la r\u00e9gion F\u00e8s-Mekn\u00e8s et la commune de F\u00e8s et en collaboration avec la direction r\u00e9gionale de la<\/p>\n","protected":false},"author":2,"featured_media":6294,"comment_status":"open","ping_status":"open","sticky":false,"template":"","format":"standard","meta":{"footnotes":""},"categories":[70,112],"tags":[],"_links":{"self":[{"href":"https:\/\/visit-meknes.com\/fr\/wp-json\/wp\/v2\/posts\/6293"}],"collection":[{"href":"https:\/\/visit-meknes.com\/fr\/wp-json\/wp\/v2\/posts"}],"about":[{"href":"https:\/\/visit-meknes.com\/fr\/wp-json\/wp\/v2\/types\/post"}],"author":[{"embeddable":true,"href":"https:\/\/visit-meknes.com\/fr\/wp-json\/wp\/v2\/users\/2"}],"replies":[{"embeddable":true,"href":"https:\/\/visit-meknes.com\/fr\/wp-json\/wp\/v2\/comments?post=6293"}],"version-history":[{"count":1,"href":"https:\/\/visit-meknes.com\/fr\/wp-json\/wp\/v2\/posts\/6293\/revisions"}],"predecessor-version":[{"id":6295,"href":"https:\/\/visit-meknes.com\/fr\/wp-json\/wp\/v2\/posts\/6293\/revisions\/6295"}],"wp:featuredmedia":[{"embeddable":true,"href":"https:\/\/visit-meknes.com\/fr\/wp-json\/wp\/v2\/media\/6294"}],"wp:attachment":[{"href":"https:\/\/visit-meknes.com\/fr\/wp-json\/wp\/v2\/media?parent=6293"}],"wp:term":[{"taxonomy":"category","embeddable":true,"href":"https:\/\/visit-meknes.com\/fr\/wp-json\/wp\/v2\/categories?post=6293"},{"taxonomy":"post_tag","embeddable":true,"href":"https:\/\/visit-meknes.com\/fr\/wp-json\/wp\/v2\/tags?post=6293"}],"curies":[{"name":"wp","href":"https:\/\/api.w.org\/{rel}","templated":true}]}}