{"id":6290,"date":"2020-02-19T22:28:08","date_gmt":"2020-02-19T22:28:08","guid":{"rendered":"https:\/\/visit-meknes.com\/fr\/?p=6290"},"modified":"2020-02-20T22:31:08","modified_gmt":"2020-02-20T22:31:08","slug":"legypte-invitee-dhonneur-du-19e-festival-du-cinema-danimation-de-meknes","status":"publish","type":"post","link":"https:\/\/visit-meknes.com\/fr\/legypte-invitee-dhonneur-du-19e-festival-du-cinema-danimation-de-meknes\/","title":{"rendered":"L&rsquo;Egypte invit\u00e9e d&rsquo;honneur du 19e Festival du cin\u00e9ma d&rsquo;animation de Mekn\u00e8s"},"content":{"rendered":"\n<p>L&rsquo;Egypte sera l\u2019invit\u00e9e d&rsquo;honneur de la 19e \u00e9dition du Festival international du cin\u00e9ma d&rsquo;animation de Mekn\u00e8s (Maroc), pr\u00e9vu du 2 au 20 mars prochain, indique-t-on samedi dans un communiqu\u00e9 publi\u00e9 par les responsables du Festival organis\u00e9 par la Fondation A\u00efcha en partenariat avec l&rsquo;Institut fran\u00e7ais de Mekn\u00e8s \u00e0 l&rsquo;occasion des 85 ans du premier film d&rsquo;animation \u00e9gyptien et africain.Selon le communiqu\u00e9, l&rsquo;hommage \u00e0 l&rsquo;animation \u00e9gyptienne sera marqu\u00e9 par la projection de l&rsquo;\u0153uvre \u00abLe chevalier et la princesse\u00bb et une exposition d\u00e9di\u00e9e aux trois fr\u00e8res Frenkel, outre un panorama du film d&rsquo;animation \u00e9gyptien.\u00abLe chevalier et la princesse\u00bb sera projet\u00e9 \u00e0 l&rsquo;inauguration de cette \u00e9dition, et ce en pr\u00e9sence de Bashir Eldik, sc\u00e9nariste et r\u00e9alisateur \u00e9gyptien, et Abbass Bin Alabass, producteur saoudien du film, au Th\u00e9\u00e2tre de l&rsquo;Institut fran\u00e7ais de Mekn\u00e8s.<\/p>\n\n\n\n<figure class=\"wp-block-image is-resized\"><img loading=\"lazy\" decoding=\"async\" src=\"http:\/\/www.progres.net.eg\/images\/Logo.jpg\" alt=\"progres\" width=\"264\" height=\"55\"\/><\/figure>\n","protected":false},"excerpt":{"rendered":"<p>L&rsquo;Egypte sera l\u2019invit\u00e9e d&rsquo;honneur de la 19e \u00e9dition du Festival international du cin\u00e9ma d&rsquo;animation de Mekn\u00e8s (Maroc), pr\u00e9vu du 2 au 20 mars prochain, indique-t-on samedi dans un communiqu\u00e9 publi\u00e9 par les responsables du Festival organis\u00e9 par la Fondation A\u00efcha en partenariat avec l&rsquo;Institut fran\u00e7ais de Mekn\u00e8s \u00e0 l&rsquo;occasion des 85 ans du premier film<\/p>\n","protected":false},"author":2,"featured_media":6291,"comment_status":"open","ping_status":"open","sticky":false,"template":"","format":"standard","meta":{"footnotes":""},"categories":[70,6,112],"tags":[],"_links":{"self":[{"href":"https:\/\/visit-meknes.com\/fr\/wp-json\/wp\/v2\/posts\/6290"}],"collection":[{"href":"https:\/\/visit-meknes.com\/fr\/wp-json\/wp\/v2\/posts"}],"about":[{"href":"https:\/\/visit-meknes.com\/fr\/wp-json\/wp\/v2\/types\/post"}],"author":[{"embeddable":true,"href":"https:\/\/visit-meknes.com\/fr\/wp-json\/wp\/v2\/users\/2"}],"replies":[{"embeddable":true,"href":"https:\/\/visit-meknes.com\/fr\/wp-json\/wp\/v2\/comments?post=6290"}],"version-history":[{"count":1,"href":"https:\/\/visit-meknes.com\/fr\/wp-json\/wp\/v2\/posts\/6290\/revisions"}],"predecessor-version":[{"id":6292,"href":"https:\/\/visit-meknes.com\/fr\/wp-json\/wp\/v2\/posts\/6290\/revisions\/6292"}],"wp:featuredmedia":[{"embeddable":true,"href":"https:\/\/visit-meknes.com\/fr\/wp-json\/wp\/v2\/media\/6291"}],"wp:attachment":[{"href":"https:\/\/visit-meknes.com\/fr\/wp-json\/wp\/v2\/media?parent=6290"}],"wp:term":[{"taxonomy":"category","embeddable":true,"href":"https:\/\/visit-meknes.com\/fr\/wp-json\/wp\/v2\/categories?post=6290"},{"taxonomy":"post_tag","embeddable":true,"href":"https:\/\/visit-meknes.com\/fr\/wp-json\/wp\/v2\/tags?post=6290"}],"curies":[{"name":"wp","href":"https:\/\/api.w.org\/{rel}","templated":true}]}}