{"id":6261,"date":"2020-02-06T20:59:49","date_gmt":"2020-02-06T20:59:49","guid":{"rendered":"https:\/\/visit-meknes.com\/fr\/?p=6261"},"modified":"2020-02-06T23:03:53","modified_gmt":"2020-02-06T23:03:53","slug":"nouvelle-edition-du-festival-international-de-cinema-danimation-de-meknes","status":"publish","type":"post","link":"https:\/\/visit-meknes.com\/fr\/nouvelle-edition-du-festival-international-de-cinema-danimation-de-meknes\/","title":{"rendered":"Nouvelle \u00e9dition du Festival international de cin\u00e9ma d\u2019animation de Mekn\u00e8s"},"content":{"rendered":"\n<p>La 19\u00e8me \u00e9dition du Festival international de cin\u00e9ma d\u2019animation de Mekn\u00e8s (FICAM) se tiendra du 20 au 25 mars prochain, sous le th\u00e8me \u2018\u2019L\u2019\u00c9gypte : les origines de l\u2019animation africaine\u2019\u2019.<\/p>\n\n\n\n<p>Organis\u00e9e par la Fondation A\u00efcha, en partenariat avec l\u2019Institut fran\u00e7ais de Mekn\u00e8s, cette manifestation culturelle et artistique accueille chaque ann\u00e9e plus de 30.000 passionn\u00e9s du cin\u00e9ma d\u2019animation. Cette 19\u00e8me \u00e9dition c\u00e9l\u00e8bre les 85 ans du premier film d\u2019animation \u00e9gyptien et africain en consacrant l\u2019Egypte comme invit\u00e9 d\u2019honneur.<\/p>\n\n\n\n<p>L\u2019hommage \u00e0 l\u2019animation \u00e9gyptienne sera marqu\u00e9 par la projection de l\u2019\u0153uvre \u2018\u2019Le chevalier et la princesse\u2019\u2019 et une exposition d\u00e9di\u00e9e aux trois fr\u00e8res Frenkel, outre un panorama du film d\u2019animation \u00e9gyptien, indique un communiqu\u00e9 de la Fondation. \u2018\u2019Le chevalier et la princesse\u2019\u2019, premier long-m\u00e9trage d\u2019animation \u00e9gyptien, ouvrira cette 19\u00e8me \u00e9dition du FICAM, en pr\u00e9sence de Bashir Eldik, sc\u00e9nariste et r\u00e9alisateur \u00e9gyptien, et Abbass Bin Alabass, producteur saoudien du film au Th\u00e9\u00e2tre de l\u2019Institut fran\u00e7ais de Mekn\u00e8s, ajoute la m\u00eame source.<\/p>\n\n\n\n<p>Connu essentiellement pour \u00eatre un des sc\u00e9naristes les plus c\u00e9l\u00e8bres du cin\u00e9ma \u00e9gyptien, Bashir Eldik est \u00e9galement un r\u00e9alisateur de cin\u00e9ma, dont les \u0153uvres sont \u2018\u2019Le d\u00e9luge\u2019\u2019 (Al-Toufan) en 1985 et \u2018\u2019La route du voyage\u2019\u2019 (Sekat Safar) en 1987. Apr\u00e8s avoir commenc\u00e9 \u00e0 \u00e9crire des nouvelles litt\u00e9raires, Bashir Eldik sera attir\u00e9 par le cin\u00e9ma \u00e0 la fin des ann\u00e9es 70 en signant les sc\u00e9narios de plusieurs films m\u00e9morables du cin\u00e9ma \u00e9gyptien et en travaillant avec de grands r\u00e9alisateurs comme Achraf Fahmi dans \u2018\u2019Avec pr\u00e9m\u00e9ditation\u2019\u2019 (Maa Sabk Alisrar, 1979), Atef Tayeb dans \u2018\u2019Le chauffeur de bus\u2019\u2019 (Sawak Al-Autobus, 1983) et \u2018\u2019Contre le gouvernement\u2019\u2019 (Did Al hokouma, 1992), de Naji Al-Ali.<\/p>\n\n\n\n<p>Le festival consacre \u00e9galement une r\u00e9trospective aux fr\u00e8res Frenkel, pionniers du cin\u00e9ma d\u2019animation en Egypte dans l\u2019enceinte du cin\u00e9ma Camera de Mekn\u00e8s qui date des ann\u00e9es trente, l\u2019\u00e9poque de la naissance des \u2018\u2019Mish Mish Efendy\u2019\u2019, personnages embl\u00e9matiques des trois cin\u00e9astes. Didier Frenkel, fils et neveu des fr\u00e8res Frenkel, pr\u00e9sentera, sur support 35mms, des tr\u00e9sors de l\u2019animation : \u2018\u2019Mafish fayda\u2019\u2019 (1936), \u2018\u2019D\u00e9fense nationale\u2019\u2019 (1939) et \u2018\u2019Bilhana oua chifa\u2019\u2019 (1946). <\/p>\n\n\n\n<h3 class=\"wp-block-heading\"><strong>Lib\u00e9ration <\/strong><\/h3>\n","protected":false},"excerpt":{"rendered":"<p>La 19\u00e8me \u00e9dition du Festival international de cin\u00e9ma d\u2019animation de Mekn\u00e8s (FICAM) se tiendra du 20 au 25 mars prochain, sous le th\u00e8me \u2018\u2019L\u2019\u00c9gypte : les origines de l\u2019animation africaine\u2019\u2019. Organis\u00e9e par la Fondation A\u00efcha, en partenariat avec l\u2019Institut fran\u00e7ais de Mekn\u00e8s, cette manifestation culturelle et artistique accueille chaque ann\u00e9e plus de 30.000 passionn\u00e9s du<\/p>\n","protected":false},"author":2,"featured_media":6262,"comment_status":"open","ping_status":"open","sticky":false,"template":"","format":"standard","meta":{"footnotes":""},"categories":[6,112],"tags":[],"_links":{"self":[{"href":"https:\/\/visit-meknes.com\/fr\/wp-json\/wp\/v2\/posts\/6261"}],"collection":[{"href":"https:\/\/visit-meknes.com\/fr\/wp-json\/wp\/v2\/posts"}],"about":[{"href":"https:\/\/visit-meknes.com\/fr\/wp-json\/wp\/v2\/types\/post"}],"author":[{"embeddable":true,"href":"https:\/\/visit-meknes.com\/fr\/wp-json\/wp\/v2\/users\/2"}],"replies":[{"embeddable":true,"href":"https:\/\/visit-meknes.com\/fr\/wp-json\/wp\/v2\/comments?post=6261"}],"version-history":[{"count":1,"href":"https:\/\/visit-meknes.com\/fr\/wp-json\/wp\/v2\/posts\/6261\/revisions"}],"predecessor-version":[{"id":6263,"href":"https:\/\/visit-meknes.com\/fr\/wp-json\/wp\/v2\/posts\/6261\/revisions\/6263"}],"wp:featuredmedia":[{"embeddable":true,"href":"https:\/\/visit-meknes.com\/fr\/wp-json\/wp\/v2\/media\/6262"}],"wp:attachment":[{"href":"https:\/\/visit-meknes.com\/fr\/wp-json\/wp\/v2\/media?parent=6261"}],"wp:term":[{"taxonomy":"category","embeddable":true,"href":"https:\/\/visit-meknes.com\/fr\/wp-json\/wp\/v2\/categories?post=6261"},{"taxonomy":"post_tag","embeddable":true,"href":"https:\/\/visit-meknes.com\/fr\/wp-json\/wp\/v2\/tags?post=6261"}],"curies":[{"name":"wp","href":"https:\/\/api.w.org\/{rel}","templated":true}]}}