{"id":6253,"date":"2020-02-03T22:31:22","date_gmt":"2020-02-03T22:31:22","guid":{"rendered":"https:\/\/visit-meknes.com\/fr\/?p=6253"},"modified":"2020-02-03T22:31:23","modified_gmt":"2020-02-03T22:31:23","slug":"la-medina-de-meknes-se-refait-une-beaute","status":"publish","type":"post","link":"https:\/\/visit-meknes.com\/fr\/la-medina-de-meknes-se-refait-une-beaute\/","title":{"rendered":"La M\u00e9dina de Mekn\u00e8s se refait une beaut\u00e9"},"content":{"rendered":"\n<p>Les travaux de r\u00e9habilitation et de revalorisation de la M\u00e9dina de Mekn\u00e8s d\u00e9marreront probablement dans trois mois. C\u2019est, du moins, ce qu\u2019a annonc\u00e9 le Conseil pr\u00e9fectoral du tourisme (CPT) de Mekn\u00e8s, lors d\u2019une rencontre avec la F\u00e9d\u00e9ration internationale des journalistes et \u00e9crivains du tourisme (FIJET).<\/p>\n\n\n\n<p>Les minist\u00e8res de l\u2019Int\u00e9rieur, de l\u2019Habitat, de la Culture, la r\u00e9gion F\u00e8s-Mekn\u00e8s et le conseil communal de Mekn\u00e8s ont d\u2019ores et d\u00e9j\u00e0 sign\u00e9 une convention relative \u00e0 la r\u00e9habilitation et \u00e0 la mise en valeur des monuments sur la p\u00e9riode de 2020 \u00e0 2023, fait savoir La Vie \u00e9co.<\/p>\n\n\n\n<p>Les travaux ont n\u00e9cessit\u00e9 la mobilisation d\u2019une enveloppe budg\u00e9taire de 800 MDH. Le projet s\u2019articule autour de trois axes majeurs. Il s\u2019agit de la r\u00e9habilitation et la revalorisation du patrimoine historique de la M\u00e9dina (594 MDH), de l\u2019am\u00e9lioration de l\u2019accessibilit\u00e9 et de la circulation dans la M\u00e9dina (40 MDH pour la r\u00e9alisation de 3 parkings) et de l\u2019am\u00e9lioration de l\u2019attractivit\u00e9 touristique et \u00e9conomique (r\u00e9habilitation des foundouks et kissariats, circuits touristiques et infrastructures de proximit\u00e9 (166 MDH).<\/p>\n\n\n\n<p>\u00c0 la man\u0153uvre, l\u2019Agence pour le d\u00e9veloppement et la r\u00e9habilitation de la M\u00e9dina de F\u00e8s (ADER-F\u00e8s) en tant que ma\u00eetre d\u2019ouvrage d\u00e9l\u00e9gu\u00e9. \u00ab Avec son expertise acquise depuis 1981, date \u00e0 laquelle la M\u00e9dina de F\u00e8s a \u00e9t\u00e9 class\u00e9e patrimoine mondial de l\u2019UNESCO, l\u2019ADR a \u00e9t\u00e9 choisie pour chapeauter ces projets. Les experts de l\u2019ADR commencent par v\u00e9rifier les termes de r\u00e9f\u00e9rence \u00bb, a indiqu\u00e9 Mohamed Saji, directeur du CPT de Mekn\u00e8s. \u00ab En tout cas, les travaux devront commencer dans 2 \u00e0 3 mois. L\u2019objectif est d\u2019achever les projets \u00e0 la date d\u2019\u00e9ch\u00e9ance en 2023 \u00bb.<\/p>\n\n\n\n<h4 class=\"wp-block-heading\">bladi.net<\/h4>\n","protected":false},"excerpt":{"rendered":"<p>Les travaux de r\u00e9habilitation et de revalorisation de la M\u00e9dina de Mekn\u00e8s d\u00e9marreront probablement dans trois mois. C\u2019est, du moins, ce qu\u2019a annonc\u00e9 le Conseil pr\u00e9fectoral du tourisme (CPT) de Mekn\u00e8s, lors d\u2019une rencontre avec la F\u00e9d\u00e9ration internationale des journalistes et \u00e9crivains du tourisme (FIJET). Les minist\u00e8res de l\u2019Int\u00e9rieur, de l\u2019Habitat, de la Culture, la<\/p>\n","protected":false},"author":2,"featured_media":6254,"comment_status":"open","ping_status":"open","sticky":false,"template":"","format":"standard","meta":{"footnotes":""},"categories":[112],"tags":[],"_links":{"self":[{"href":"https:\/\/visit-meknes.com\/fr\/wp-json\/wp\/v2\/posts\/6253"}],"collection":[{"href":"https:\/\/visit-meknes.com\/fr\/wp-json\/wp\/v2\/posts"}],"about":[{"href":"https:\/\/visit-meknes.com\/fr\/wp-json\/wp\/v2\/types\/post"}],"author":[{"embeddable":true,"href":"https:\/\/visit-meknes.com\/fr\/wp-json\/wp\/v2\/users\/2"}],"replies":[{"embeddable":true,"href":"https:\/\/visit-meknes.com\/fr\/wp-json\/wp\/v2\/comments?post=6253"}],"version-history":[{"count":1,"href":"https:\/\/visit-meknes.com\/fr\/wp-json\/wp\/v2\/posts\/6253\/revisions"}],"predecessor-version":[{"id":6255,"href":"https:\/\/visit-meknes.com\/fr\/wp-json\/wp\/v2\/posts\/6253\/revisions\/6255"}],"wp:featuredmedia":[{"embeddable":true,"href":"https:\/\/visit-meknes.com\/fr\/wp-json\/wp\/v2\/media\/6254"}],"wp:attachment":[{"href":"https:\/\/visit-meknes.com\/fr\/wp-json\/wp\/v2\/media?parent=6253"}],"wp:term":[{"taxonomy":"category","embeddable":true,"href":"https:\/\/visit-meknes.com\/fr\/wp-json\/wp\/v2\/categories?post=6253"},{"taxonomy":"post_tag","embeddable":true,"href":"https:\/\/visit-meknes.com\/fr\/wp-json\/wp\/v2\/tags?post=6253"}],"curies":[{"name":"wp","href":"https:\/\/api.w.org\/{rel}","templated":true}]}}