{"id":6242,"date":"2020-01-28T20:24:56","date_gmt":"2020-01-28T20:24:56","guid":{"rendered":"https:\/\/visit-meknes.com\/fr\/?p=6242"},"modified":"2020-01-28T20:24:58","modified_gmt":"2020-01-28T20:24:58","slug":"le-royaume-uni-invite-dhonneur-du-siam-2020","status":"publish","type":"post","link":"https:\/\/visit-meknes.com\/fr\/le-royaume-uni-invite-dhonneur-du-siam-2020\/","title":{"rendered":"Le Royaume-Uni invit\u00e9 d\u2019honneur du SIAM 2020"},"content":{"rendered":"\n<p><strong>C\u2019est officiel ! Le Royaume-Uni sera l\u2019invit\u00e9 d\u2019honneur de la prochaine \u00e9dition du Salon International de l\u2019Agriculture au Maroc, du 14 au 19 Avril 2020 \u00e0 Mekn\u00e8s. <\/strong><\/p>\n\n\n\n<p>Lors du dialogue des affaires Maroc-Royaume-Uni tenu en marge du sommet Afrique-Royaume-Uni sur l\u2019investissement le 21 Janvier dernier \u00e0 Londres, le Royaume-Uni a \u00e9t\u00e9 d\u00e9sign\u00e9 comme invit\u00e9 d\u2019honneur \u00e0 la 15eme \u00e9dition du SIAM 2020. <\/p>\n\n\n\n<p>\u00abJe suis tr\u00e8s heureux que le Royaume-Uni ait \u00e9t\u00e9 invit\u00e9 en tant qu\u2019invit\u00e9 d\u2019honneur au SIAM de cette ann\u00e9e, la grande exposition agricole du Maroc. L&rsquo;occasion pour les entreprises britanniques de mettre en avant leur expertise de premier plan mondial, y compris en mati\u00e8re d&rsquo;agriculture durable, qui constitue \u00e9galement une priorit\u00e9 pour le Maroc\u00bb, a d\u00e9clar\u00e9 le ministre d&rsquo;\u00c9tat britannique du Commerce international, Conor Burns. <\/p>\n\n\n\n<p><strong>Une vision post-brexit<\/strong><\/p>\n\n\n\n<p>L\u2019objectif du Sommet tenu \u00e0 Londres \u00e9tant de pr\u00e9senter les opportunit\u00e9s d\u2019\u00e9changes commerciaux et d\u2019investissements entre les deux pays, cette invitation au SIAM vient concr\u00e9tiser cette ambition dans le domaine agricole.<\/p>\n\n\n\n<p>Rappelons que le Royaume-Uni qui est \u00e0 l\u2019aube du fameux Brexit pr\u00e9vu ce vendredi 31 Janvier, est en qu\u00eate de nouveaux alli\u00e9s \u00e9conomiques hors UE. Dans ce sens, le Maroc fait partie des 5 pays identifi\u00e9s comme prioritaires pour les autorit\u00e9s britanniques sur le continent africain.<\/p>\n\n\n\n<figure class=\"wp-block-image is-resized\"><img loading=\"lazy\" decoding=\"async\" src=\"https:\/\/www.lesinfos.ma\/\/assets\/desktop\/images\/logo-header.png?3\" alt=\"Lesinfo.ma,news Maroc, informations Maroc, actualit\u00e9s Maroc, politique Maroc, Economie Maroc\" width=\"136\" height=\"44\"\/><\/figure>\n","protected":false},"excerpt":{"rendered":"<p>C\u2019est officiel ! Le Royaume-Uni sera l\u2019invit\u00e9 d\u2019honneur de la prochaine \u00e9dition du Salon International de l\u2019Agriculture au Maroc, du 14 au 19 Avril 2020 \u00e0 Mekn\u00e8s. Lors du dialogue des affaires Maroc-Royaume-Uni tenu en marge du sommet Afrique-Royaume-Uni sur l\u2019investissement le 21 Janvier dernier \u00e0 Londres, le Royaume-Uni a \u00e9t\u00e9 d\u00e9sign\u00e9 comme invit\u00e9 d\u2019honneur<\/p>\n","protected":false},"author":2,"featured_media":6243,"comment_status":"open","ping_status":"open","sticky":false,"template":"","format":"standard","meta":{"footnotes":""},"categories":[6],"tags":[],"_links":{"self":[{"href":"https:\/\/visit-meknes.com\/fr\/wp-json\/wp\/v2\/posts\/6242"}],"collection":[{"href":"https:\/\/visit-meknes.com\/fr\/wp-json\/wp\/v2\/posts"}],"about":[{"href":"https:\/\/visit-meknes.com\/fr\/wp-json\/wp\/v2\/types\/post"}],"author":[{"embeddable":true,"href":"https:\/\/visit-meknes.com\/fr\/wp-json\/wp\/v2\/users\/2"}],"replies":[{"embeddable":true,"href":"https:\/\/visit-meknes.com\/fr\/wp-json\/wp\/v2\/comments?post=6242"}],"version-history":[{"count":1,"href":"https:\/\/visit-meknes.com\/fr\/wp-json\/wp\/v2\/posts\/6242\/revisions"}],"predecessor-version":[{"id":6244,"href":"https:\/\/visit-meknes.com\/fr\/wp-json\/wp\/v2\/posts\/6242\/revisions\/6244"}],"wp:featuredmedia":[{"embeddable":true,"href":"https:\/\/visit-meknes.com\/fr\/wp-json\/wp\/v2\/media\/6243"}],"wp:attachment":[{"href":"https:\/\/visit-meknes.com\/fr\/wp-json\/wp\/v2\/media?parent=6242"}],"wp:term":[{"taxonomy":"category","embeddable":true,"href":"https:\/\/visit-meknes.com\/fr\/wp-json\/wp\/v2\/categories?post=6242"},{"taxonomy":"post_tag","embeddable":true,"href":"https:\/\/visit-meknes.com\/fr\/wp-json\/wp\/v2\/tags?post=6242"}],"curies":[{"name":"wp","href":"https:\/\/api.w.org\/{rel}","templated":true}]}}