{"id":6239,"date":"2020-01-28T20:02:03","date_gmt":"2020-01-28T20:02:03","guid":{"rendered":"https:\/\/visit-meknes.com\/fr\/?p=6239"},"modified":"2020-01-28T20:02:06","modified_gmt":"2020-01-28T20:02:06","slug":"remerciements-et-admiration","status":"publish","type":"post","link":"https:\/\/visit-meknes.com\/fr\/remerciements-et-admiration\/","title":{"rendered":"REMERCIEMENTS ET ADMIRATION"},"content":{"rendered":"\n<p>Le Pr\u00e9sident de la Fijet M. Tijani Haddad vous remercie pour les conditions favorables que vous avez r\u00e9unie pour garantir le bon d\u00e9roulement de l\u2019\u00e9v\u00e9nement \u00a0\u00bb M\u00e9dia Impact Days \u00e0 Mekn\u00e8s\u00a0\u00bb, l&rsquo;excellent s\u00e9jour et h\u00e9bergement des participants et les meilleures conditions de la r\u00e9union du comit\u00e9 ex\u00e9cutif et du bureau directeur de la Fijet.<\/p>\n\n\n\n<p>UN GRAND Merci au Pr\u00e9sident du Conseil Pr\u00e9fectoral du Tourisme de MEKNES M. Adil Terrab, \u00e0 M. Najib Sendhadji Pr\u00e9sident de l&rsquo;AMJET-FIJET-Maroc, et \u00e0 tous les organisateurs de cet \u00e9v\u00e9nement .<\/p>\n\n\n\n<p>La pleine r\u00e9ussite de ces journ\u00e9es touristiques t\u00e9moigne d&rsquo;une forte volont\u00e9 \u00e0 la consolidation de la promotion touristique de la r\u00e9gion aux attraits touristiques et culturels marquants.<\/p>\n\n\n\n<p>La participation des m\u00e9dias nationaux et internationaux, dont les journalistes sp\u00e9cialis\u00e9s en tourisme membres de la FIJET, affiche la volont\u00e9 de participer \u00e0 la valorisation de la M\u00e9dina et de la Cit\u00e9 imp\u00e9riale de Mekn\u00e8s et l&rsquo;engagement de communiquer ses sp\u00e9cificit\u00e9s naturelles, touristiques et civilisationnelles  \u00e0 l&rsquo;\u00e9chelle internationale.<\/p>\n\n\n\n<p>Le bon sens de ses responsables et le fair-play de ses habitants repr\u00e9sentent des \u00e9l\u00e9ments cl\u00e9s pour le d\u00e9veloppement de la connaissance de la richesse de l&rsquo;offre touristique et culturelle de Mekn\u00e8s et pour l&rsquo;ouverture des larges horizons pour son classement comme l&rsquo;une des meilleures destinations touristiques mondiales.<\/p>\n\n\n\n<p>Salutations distingu\u00e9es<\/p>\n\n\n\n<p><strong>Tijani HADDAD<br><\/strong> Pr\u00e9sident FIJET<br>&amp;<br><strong>ALI CHEMLI<br><\/strong> Fijet  Tunisie<\/p>\n","protected":false},"excerpt":{"rendered":"<p>Le Pr\u00e9sident de la Fijet M. Tijani Haddad vous remercie pour les conditions favorables que vous avez r\u00e9unie pour garantir le bon d\u00e9roulement de l\u2019\u00e9v\u00e9nement \u00a0\u00bb M\u00e9dia Impact Days \u00e0 Mekn\u00e8s\u00a0\u00bb, l&rsquo;excellent s\u00e9jour et h\u00e9bergement des participants et les meilleures conditions de la r\u00e9union du comit\u00e9 ex\u00e9cutif et du bureau directeur de la Fijet. UN<\/p>\n","protected":false},"author":2,"featured_media":6240,"comment_status":"open","ping_status":"open","sticky":false,"template":"","format":"standard","meta":{"footnotes":""},"categories":[112],"tags":[],"_links":{"self":[{"href":"https:\/\/visit-meknes.com\/fr\/wp-json\/wp\/v2\/posts\/6239"}],"collection":[{"href":"https:\/\/visit-meknes.com\/fr\/wp-json\/wp\/v2\/posts"}],"about":[{"href":"https:\/\/visit-meknes.com\/fr\/wp-json\/wp\/v2\/types\/post"}],"author":[{"embeddable":true,"href":"https:\/\/visit-meknes.com\/fr\/wp-json\/wp\/v2\/users\/2"}],"replies":[{"embeddable":true,"href":"https:\/\/visit-meknes.com\/fr\/wp-json\/wp\/v2\/comments?post=6239"}],"version-history":[{"count":1,"href":"https:\/\/visit-meknes.com\/fr\/wp-json\/wp\/v2\/posts\/6239\/revisions"}],"predecessor-version":[{"id":6241,"href":"https:\/\/visit-meknes.com\/fr\/wp-json\/wp\/v2\/posts\/6239\/revisions\/6241"}],"wp:featuredmedia":[{"embeddable":true,"href":"https:\/\/visit-meknes.com\/fr\/wp-json\/wp\/v2\/media\/6240"}],"wp:attachment":[{"href":"https:\/\/visit-meknes.com\/fr\/wp-json\/wp\/v2\/media?parent=6239"}],"wp:term":[{"taxonomy":"category","embeddable":true,"href":"https:\/\/visit-meknes.com\/fr\/wp-json\/wp\/v2\/categories?post=6239"},{"taxonomy":"post_tag","embeddable":true,"href":"https:\/\/visit-meknes.com\/fr\/wp-json\/wp\/v2\/tags?post=6239"}],"curies":[{"name":"wp","href":"https:\/\/api.w.org\/{rel}","templated":true}]}}