{"id":6204,"date":"2020-01-23T18:45:35","date_gmt":"2020-01-23T18:45:35","guid":{"rendered":"https:\/\/visit-meknes.com\/fr\/?p=6204"},"modified":"2020-01-23T18:45:38","modified_gmt":"2020-01-23T18:45:38","slug":"presentation-du-magazine-visit-meknes-du-cpt-meknes-a-fitur-madrid-2020","status":"publish","type":"post","link":"https:\/\/visit-meknes.com\/fr\/presentation-du-magazine-visit-meknes-du-cpt-meknes-a-fitur-madrid-2020\/","title":{"rendered":"PR\u00c9SENTATION du Magazine Visit Mekn\u00e8s du CPT Mekn\u00e8s \u00e0 FITUR MADRID 2020"},"content":{"rendered":"\n<p>Avec la pr\u00e9sence du Pr\u00e9sident Adil TERRAB, Hadj Hamid SMAILI et Si Samir EZZAHER.<\/p>\n\n\n\n<ul class=\"wp-block-gallery columns-3 is-cropped wp-block-gallery-1 is-layout-flex wp-block-gallery-is-layout-flex\"><li class=\"blocks-gallery-item\"><figure><img loading=\"lazy\" decoding=\"async\" width=\"960\" height=\"720\" src=\"https:\/\/visit-meknes.com\/fr\/wp-content\/uploads\/2020\/01\/PR\u00c9SENTATION-du-Magazine-Visit-Mekn\u00e8s-du-CPT-Mekn\u00e8s-\u00e0-FITUR-MADRID-2020-1.jpg\" alt=\"\" data-id=\"6206\" data-link=\"https:\/\/visit-meknes.com\/fr\/?attachment_id=6206\" class=\"wp-image-6206\" srcset=\"https:\/\/visit-meknes.com\/fr\/wp-content\/uploads\/2020\/01\/PR\u00c9SENTATION-du-Magazine-Visit-Mekn\u00e8s-du-CPT-Mekn\u00e8s-\u00e0-FITUR-MADRID-2020-1.jpg 960w, https:\/\/visit-meknes.com\/fr\/wp-content\/uploads\/2020\/01\/PR\u00c9SENTATION-du-Magazine-Visit-Mekn\u00e8s-du-CPT-Mekn\u00e8s-\u00e0-FITUR-MADRID-2020-1-300x225.jpg 300w, https:\/\/visit-meknes.com\/fr\/wp-content\/uploads\/2020\/01\/PR\u00c9SENTATION-du-Magazine-Visit-Mekn\u00e8s-du-CPT-Mekn\u00e8s-\u00e0-FITUR-MADRID-2020-1-768x576.jpg 768w, https:\/\/visit-meknes.com\/fr\/wp-content\/uploads\/2020\/01\/PR\u00c9SENTATION-du-Magazine-Visit-Mekn\u00e8s-du-CPT-Mekn\u00e8s-\u00e0-FITUR-MADRID-2020-1-249x187.jpg 249w, https:\/\/visit-meknes.com\/fr\/wp-content\/uploads\/2020\/01\/PR\u00c9SENTATION-du-Magazine-Visit-Mekn\u00e8s-du-CPT-Mekn\u00e8s-\u00e0-FITUR-MADRID-2020-1-24x18.jpg 24w, https:\/\/visit-meknes.com\/fr\/wp-content\/uploads\/2020\/01\/PR\u00c9SENTATION-du-Magazine-Visit-Mekn\u00e8s-du-CPT-Mekn\u00e8s-\u00e0-FITUR-MADRID-2020-1-36x27.jpg 36w, https:\/\/visit-meknes.com\/fr\/wp-content\/uploads\/2020\/01\/PR\u00c9SENTATION-du-Magazine-Visit-Mekn\u00e8s-du-CPT-Mekn\u00e8s-\u00e0-FITUR-MADRID-2020-1-48x36.jpg 48w\" sizes=\"(max-width: 960px) 100vw, 960px\" \/><\/figure><\/li><li class=\"blocks-gallery-item\"><figure><img loading=\"lazy\" decoding=\"async\" width=\"960\" height=\"720\" src=\"https:\/\/visit-meknes.com\/fr\/wp-content\/uploads\/2020\/01\/PR\u00c9SENTATION-du-Magazine-Visit-Mekn\u00e8s-du-CPT-Mekn\u00e8s-\u00e0-FITUR-MADRID-2020-2.jpg\" alt=\"\" data-id=\"6207\" data-link=\"https:\/\/visit-meknes.com\/fr\/?attachment_id=6207\" class=\"wp-image-6207\" srcset=\"https:\/\/visit-meknes.com\/fr\/wp-content\/uploads\/2020\/01\/PR\u00c9SENTATION-du-Magazine-Visit-Mekn\u00e8s-du-CPT-Mekn\u00e8s-\u00e0-FITUR-MADRID-2020-2.jpg 960w, https:\/\/visit-meknes.com\/fr\/wp-content\/uploads\/2020\/01\/PR\u00c9SENTATION-du-Magazine-Visit-Mekn\u00e8s-du-CPT-Mekn\u00e8s-\u00e0-FITUR-MADRID-2020-2-300x225.jpg 300w, https:\/\/visit-meknes.com\/fr\/wp-content\/uploads\/2020\/01\/PR\u00c9SENTATION-du-Magazine-Visit-Mekn\u00e8s-du-CPT-Mekn\u00e8s-\u00e0-FITUR-MADRID-2020-2-768x576.jpg 768w, https:\/\/visit-meknes.com\/fr\/wp-content\/uploads\/2020\/01\/PR\u00c9SENTATION-du-Magazine-Visit-Mekn\u00e8s-du-CPT-Mekn\u00e8s-\u00e0-FITUR-MADRID-2020-2-249x187.jpg 249w, https:\/\/visit-meknes.com\/fr\/wp-content\/uploads\/2020\/01\/PR\u00c9SENTATION-du-Magazine-Visit-Mekn\u00e8s-du-CPT-Mekn\u00e8s-\u00e0-FITUR-MADRID-2020-2-24x18.jpg 24w, https:\/\/visit-meknes.com\/fr\/wp-content\/uploads\/2020\/01\/PR\u00c9SENTATION-du-Magazine-Visit-Mekn\u00e8s-du-CPT-Mekn\u00e8s-\u00e0-FITUR-MADRID-2020-2-36x27.jpg 36w, https:\/\/visit-meknes.com\/fr\/wp-content\/uploads\/2020\/01\/PR\u00c9SENTATION-du-Magazine-Visit-Mekn\u00e8s-du-CPT-Mekn\u00e8s-\u00e0-FITUR-MADRID-2020-2-48x36.jpg 48w\" sizes=\"(max-width: 960px) 100vw, 960px\" \/><\/figure><\/li><li class=\"blocks-gallery-item\"><figure><img loading=\"lazy\" decoding=\"async\" width=\"960\" height=\"720\" src=\"https:\/\/visit-meknes.com\/fr\/wp-content\/uploads\/2020\/01\/PR\u00c9SENTATION-du-Magazine-Visit-Mekn\u00e8s-du-CPT-Mekn\u00e8s-\u00e0-FITUR-MADRID-2020-3.jpg\" alt=\"\" data-id=\"6208\" data-link=\"https:\/\/visit-meknes.com\/fr\/?attachment_id=6208\" class=\"wp-image-6208\" srcset=\"https:\/\/visit-meknes.com\/fr\/wp-content\/uploads\/2020\/01\/PR\u00c9SENTATION-du-Magazine-Visit-Mekn\u00e8s-du-CPT-Mekn\u00e8s-\u00e0-FITUR-MADRID-2020-3.jpg 960w, https:\/\/visit-meknes.com\/fr\/wp-content\/uploads\/2020\/01\/PR\u00c9SENTATION-du-Magazine-Visit-Mekn\u00e8s-du-CPT-Mekn\u00e8s-\u00e0-FITUR-MADRID-2020-3-300x225.jpg 300w, https:\/\/visit-meknes.com\/fr\/wp-content\/uploads\/2020\/01\/PR\u00c9SENTATION-du-Magazine-Visit-Mekn\u00e8s-du-CPT-Mekn\u00e8s-\u00e0-FITUR-MADRID-2020-3-768x576.jpg 768w, https:\/\/visit-meknes.com\/fr\/wp-content\/uploads\/2020\/01\/PR\u00c9SENTATION-du-Magazine-Visit-Mekn\u00e8s-du-CPT-Mekn\u00e8s-\u00e0-FITUR-MADRID-2020-3-249x187.jpg 249w, https:\/\/visit-meknes.com\/fr\/wp-content\/uploads\/2020\/01\/PR\u00c9SENTATION-du-Magazine-Visit-Mekn\u00e8s-du-CPT-Mekn\u00e8s-\u00e0-FITUR-MADRID-2020-3-24x18.jpg 24w, https:\/\/visit-meknes.com\/fr\/wp-content\/uploads\/2020\/01\/PR\u00c9SENTATION-du-Magazine-Visit-Mekn\u00e8s-du-CPT-Mekn\u00e8s-\u00e0-FITUR-MADRID-2020-3-36x27.jpg 36w, https:\/\/visit-meknes.com\/fr\/wp-content\/uploads\/2020\/01\/PR\u00c9SENTATION-du-Magazine-Visit-Mekn\u00e8s-du-CPT-Mekn\u00e8s-\u00e0-FITUR-MADRID-2020-3-48x36.jpg 48w\" sizes=\"(max-width: 960px) 100vw, 960px\" \/><\/figure><\/li><li class=\"blocks-gallery-item\"><figure><img loading=\"lazy\" decoding=\"async\" width=\"960\" height=\"720\" src=\"https:\/\/visit-meknes.com\/fr\/wp-content\/uploads\/2020\/01\/PR\u00c9SENTATION-du-Magazine-Visit-Mekn\u00e8s-du-CPT-Mekn\u00e8s-\u00e0-FITUR-MADRID-2020-4.jpg\" alt=\"\" data-id=\"6209\" data-link=\"https:\/\/visit-meknes.com\/fr\/?attachment_id=6209\" class=\"wp-image-6209\" srcset=\"https:\/\/visit-meknes.com\/fr\/wp-content\/uploads\/2020\/01\/PR\u00c9SENTATION-du-Magazine-Visit-Mekn\u00e8s-du-CPT-Mekn\u00e8s-\u00e0-FITUR-MADRID-2020-4.jpg 960w, https:\/\/visit-meknes.com\/fr\/wp-content\/uploads\/2020\/01\/PR\u00c9SENTATION-du-Magazine-Visit-Mekn\u00e8s-du-CPT-Mekn\u00e8s-\u00e0-FITUR-MADRID-2020-4-300x225.jpg 300w, https:\/\/visit-meknes.com\/fr\/wp-content\/uploads\/2020\/01\/PR\u00c9SENTATION-du-Magazine-Visit-Mekn\u00e8s-du-CPT-Mekn\u00e8s-\u00e0-FITUR-MADRID-2020-4-768x576.jpg 768w, https:\/\/visit-meknes.com\/fr\/wp-content\/uploads\/2020\/01\/PR\u00c9SENTATION-du-Magazine-Visit-Mekn\u00e8s-du-CPT-Mekn\u00e8s-\u00e0-FITUR-MADRID-2020-4-249x187.jpg 249w, https:\/\/visit-meknes.com\/fr\/wp-content\/uploads\/2020\/01\/PR\u00c9SENTATION-du-Magazine-Visit-Mekn\u00e8s-du-CPT-Mekn\u00e8s-\u00e0-FITUR-MADRID-2020-4-24x18.jpg 24w, https:\/\/visit-meknes.com\/fr\/wp-content\/uploads\/2020\/01\/PR\u00c9SENTATION-du-Magazine-Visit-Mekn\u00e8s-du-CPT-Mekn\u00e8s-\u00e0-FITUR-MADRID-2020-4-36x27.jpg 36w, https:\/\/visit-meknes.com\/fr\/wp-content\/uploads\/2020\/01\/PR\u00c9SENTATION-du-Magazine-Visit-Mekn\u00e8s-du-CPT-Mekn\u00e8s-\u00e0-FITUR-MADRID-2020-4-48x36.jpg 48w\" sizes=\"(max-width: 960px) 100vw, 960px\" \/><\/figure><\/li><li class=\"blocks-gallery-item\"><figure><img loading=\"lazy\" decoding=\"async\" width=\"960\" height=\"720\" src=\"https:\/\/visit-meknes.com\/fr\/wp-content\/uploads\/2020\/01\/PR\u00c9SENTATION-du-Magazine-Visit-Mekn\u00e8s-du-CPT-Mekn\u00e8s-\u00e0-FITUR-MADRID-2020-5.jpg\" alt=\"\" data-id=\"6210\" data-link=\"https:\/\/visit-meknes.com\/fr\/?attachment_id=6210\" class=\"wp-image-6210\" srcset=\"https:\/\/visit-meknes.com\/fr\/wp-content\/uploads\/2020\/01\/PR\u00c9SENTATION-du-Magazine-Visit-Mekn\u00e8s-du-CPT-Mekn\u00e8s-\u00e0-FITUR-MADRID-2020-5.jpg 960w, https:\/\/visit-meknes.com\/fr\/wp-content\/uploads\/2020\/01\/PR\u00c9SENTATION-du-Magazine-Visit-Mekn\u00e8s-du-CPT-Mekn\u00e8s-\u00e0-FITUR-MADRID-2020-5-300x225.jpg 300w, https:\/\/visit-meknes.com\/fr\/wp-content\/uploads\/2020\/01\/PR\u00c9SENTATION-du-Magazine-Visit-Mekn\u00e8s-du-CPT-Mekn\u00e8s-\u00e0-FITUR-MADRID-2020-5-768x576.jpg 768w, https:\/\/visit-meknes.com\/fr\/wp-content\/uploads\/2020\/01\/PR\u00c9SENTATION-du-Magazine-Visit-Mekn\u00e8s-du-CPT-Mekn\u00e8s-\u00e0-FITUR-MADRID-2020-5-249x187.jpg 249w, https:\/\/visit-meknes.com\/fr\/wp-content\/uploads\/2020\/01\/PR\u00c9SENTATION-du-Magazine-Visit-Mekn\u00e8s-du-CPT-Mekn\u00e8s-\u00e0-FITUR-MADRID-2020-5-24x18.jpg 24w, https:\/\/visit-meknes.com\/fr\/wp-content\/uploads\/2020\/01\/PR\u00c9SENTATION-du-Magazine-Visit-Mekn\u00e8s-du-CPT-Mekn\u00e8s-\u00e0-FITUR-MADRID-2020-5-36x27.jpg 36w, https:\/\/visit-meknes.com\/fr\/wp-content\/uploads\/2020\/01\/PR\u00c9SENTATION-du-Magazine-Visit-Mekn\u00e8s-du-CPT-Mekn\u00e8s-\u00e0-FITUR-MADRID-2020-5-48x36.jpg 48w\" sizes=\"(max-width: 960px) 100vw, 960px\" \/><\/figure><\/li><li class=\"blocks-gallery-item\"><figure><img loading=\"lazy\" decoding=\"async\" width=\"960\" height=\"720\" src=\"https:\/\/visit-meknes.com\/fr\/wp-content\/uploads\/2020\/01\/PR\u00c9SENTATION-du-Magazine-Visit-Mekn\u00e8s-du-CPT-Mekn\u00e8s-\u00e0-FITUR-MADRID-2020-6.jpg\" alt=\"\" data-id=\"6211\" data-link=\"https:\/\/visit-meknes.com\/fr\/?attachment_id=6211\" class=\"wp-image-6211\" srcset=\"https:\/\/visit-meknes.com\/fr\/wp-content\/uploads\/2020\/01\/PR\u00c9SENTATION-du-Magazine-Visit-Mekn\u00e8s-du-CPT-Mekn\u00e8s-\u00e0-FITUR-MADRID-2020-6.jpg 960w, https:\/\/visit-meknes.com\/fr\/wp-content\/uploads\/2020\/01\/PR\u00c9SENTATION-du-Magazine-Visit-Mekn\u00e8s-du-CPT-Mekn\u00e8s-\u00e0-FITUR-MADRID-2020-6-300x225.jpg 300w, https:\/\/visit-meknes.com\/fr\/wp-content\/uploads\/2020\/01\/PR\u00c9SENTATION-du-Magazine-Visit-Mekn\u00e8s-du-CPT-Mekn\u00e8s-\u00e0-FITUR-MADRID-2020-6-768x576.jpg 768w, https:\/\/visit-meknes.com\/fr\/wp-content\/uploads\/2020\/01\/PR\u00c9SENTATION-du-Magazine-Visit-Mekn\u00e8s-du-CPT-Mekn\u00e8s-\u00e0-FITUR-MADRID-2020-6-249x187.jpg 249w, https:\/\/visit-meknes.com\/fr\/wp-content\/uploads\/2020\/01\/PR\u00c9SENTATION-du-Magazine-Visit-Mekn\u00e8s-du-CPT-Mekn\u00e8s-\u00e0-FITUR-MADRID-2020-6-24x18.jpg 24w, https:\/\/visit-meknes.com\/fr\/wp-content\/uploads\/2020\/01\/PR\u00c9SENTATION-du-Magazine-Visit-Mekn\u00e8s-du-CPT-Mekn\u00e8s-\u00e0-FITUR-MADRID-2020-6-36x27.jpg 36w, https:\/\/visit-meknes.com\/fr\/wp-content\/uploads\/2020\/01\/PR\u00c9SENTATION-du-Magazine-Visit-Mekn\u00e8s-du-CPT-Mekn\u00e8s-\u00e0-FITUR-MADRID-2020-6-48x36.jpg 48w\" sizes=\"(max-width: 960px) 100vw, 960px\" \/><\/figure><\/li><li class=\"blocks-gallery-item\"><figure><img loading=\"lazy\" decoding=\"async\" width=\"960\" height=\"720\" src=\"https:\/\/visit-meknes.com\/fr\/wp-content\/uploads\/2020\/01\/PR\u00c9SENTATION-du-Magazine-Visit-Mekn\u00e8s-du-CPT-Mekn\u00e8s-\u00e0-FITUR-MADRID-2020-7.jpg\" alt=\"\" data-id=\"6212\" data-link=\"https:\/\/visit-meknes.com\/fr\/?attachment_id=6212\" class=\"wp-image-6212\" srcset=\"https:\/\/visit-meknes.com\/fr\/wp-content\/uploads\/2020\/01\/PR\u00c9SENTATION-du-Magazine-Visit-Mekn\u00e8s-du-CPT-Mekn\u00e8s-\u00e0-FITUR-MADRID-2020-7.jpg 960w, https:\/\/visit-meknes.com\/fr\/wp-content\/uploads\/2020\/01\/PR\u00c9SENTATION-du-Magazine-Visit-Mekn\u00e8s-du-CPT-Mekn\u00e8s-\u00e0-FITUR-MADRID-2020-7-300x225.jpg 300w, https:\/\/visit-meknes.com\/fr\/wp-content\/uploads\/2020\/01\/PR\u00c9SENTATION-du-Magazine-Visit-Mekn\u00e8s-du-CPT-Mekn\u00e8s-\u00e0-FITUR-MADRID-2020-7-768x576.jpg 768w, https:\/\/visit-meknes.com\/fr\/wp-content\/uploads\/2020\/01\/PR\u00c9SENTATION-du-Magazine-Visit-Mekn\u00e8s-du-CPT-Mekn\u00e8s-\u00e0-FITUR-MADRID-2020-7-249x187.jpg 249w, https:\/\/visit-meknes.com\/fr\/wp-content\/uploads\/2020\/01\/PR\u00c9SENTATION-du-Magazine-Visit-Mekn\u00e8s-du-CPT-Mekn\u00e8s-\u00e0-FITUR-MADRID-2020-7-24x18.jpg 24w, https:\/\/visit-meknes.com\/fr\/wp-content\/uploads\/2020\/01\/PR\u00c9SENTATION-du-Magazine-Visit-Mekn\u00e8s-du-CPT-Mekn\u00e8s-\u00e0-FITUR-MADRID-2020-7-36x27.jpg 36w, https:\/\/visit-meknes.com\/fr\/wp-content\/uploads\/2020\/01\/PR\u00c9SENTATION-du-Magazine-Visit-Mekn\u00e8s-du-CPT-Mekn\u00e8s-\u00e0-FITUR-MADRID-2020-7-48x36.jpg 48w\" sizes=\"(max-width: 960px) 100vw, 960px\" \/><\/figure><\/li><\/ul>\n","protected":false},"excerpt":{"rendered":"<p>Avec la pr\u00e9sence du Pr\u00e9sident Adil TERRAB, Hadj Hamid SMAILI et Si Samir EZZAHER.<\/p>\n","protected":false},"author":2,"featured_media":6210,"comment_status":"open","ping_status":"open","sticky":false,"template":"","format":"standard","meta":{"footnotes":""},"categories":[6],"tags":[],"_links":{"self":[{"href":"https:\/\/visit-meknes.com\/fr\/wp-json\/wp\/v2\/posts\/6204"}],"collection":[{"href":"https:\/\/visit-meknes.com\/fr\/wp-json\/wp\/v2\/posts"}],"about":[{"href":"https:\/\/visit-meknes.com\/fr\/wp-json\/wp\/v2\/types\/post"}],"author":[{"embeddable":true,"href":"https:\/\/visit-meknes.com\/fr\/wp-json\/wp\/v2\/users\/2"}],"replies":[{"embeddable":true,"href":"https:\/\/visit-meknes.com\/fr\/wp-json\/wp\/v2\/comments?post=6204"}],"version-history":[{"count":1,"href":"https:\/\/visit-meknes.com\/fr\/wp-json\/wp\/v2\/posts\/6204\/revisions"}],"predecessor-version":[{"id":6213,"href":"https:\/\/visit-meknes.com\/fr\/wp-json\/wp\/v2\/posts\/6204\/revisions\/6213"}],"wp:featuredmedia":[{"embeddable":true,"href":"https:\/\/visit-meknes.com\/fr\/wp-json\/wp\/v2\/media\/6210"}],"wp:attachment":[{"href":"https:\/\/visit-meknes.com\/fr\/wp-json\/wp\/v2\/media?parent=6204"}],"wp:term":[{"taxonomy":"category","embeddable":true,"href":"https:\/\/visit-meknes.com\/fr\/wp-json\/wp\/v2\/categories?post=6204"},{"taxonomy":"post_tag","embeddable":true,"href":"https:\/\/visit-meknes.com\/fr\/wp-json\/wp\/v2\/tags?post=6204"}],"curies":[{"name":"wp","href":"https:\/\/api.w.org\/{rel}","templated":true}]}}