{"id":6202,"date":"2020-01-22T21:04:20","date_gmt":"2020-01-22T21:04:20","guid":{"rendered":"https:\/\/visit-meknes.com\/fr\/?p=6202"},"modified":"2020-01-23T00:07:11","modified_gmt":"2020-01-23T00:07:11","slug":"succes-des-media-impact-days-meknes","status":"publish","type":"post","link":"https:\/\/visit-meknes.com\/fr\/succes-des-media-impact-days-meknes\/","title":{"rendered":"Succ\u00e8s des Media Impact Days Mekn\u00e8s"},"content":{"rendered":"\n<p>Le Conseil pr\u00e9fectoral du tourisme de Mekn\u00e8s (CPTM) a gagn\u00e9 le pari en organisant du 17 au 19 janvier courant le voyage de presse baptis\u00e9 \u00ab Media Impact Days \u00bb pour booster  la destination touristique de la capitale Isma\u00e9lienne, Mekn\u00e8s.<\/p>\n\n\n\n<p>Organis\u00e9 en partenariat avec  l\u2019Office National Marocain du Tourisme (ONMT), Le CRT F\u00e8s, les conseils \u00e9lus de  Mekn\u00e8s, la  d\u00e9l\u00e9gation r\u00e9gionale du tourisme, les compagnies a\u00e9riennes  Tunisair et AirArabia et d\u2019autres sponsors, ce voyage de presse a drain\u00e9 une centaine de journalistes nationaux et internationaux dont des membres de la F\u00e9d\u00e9ration Internationale des Journalistes et \u00c9crivains de Tourisme (FIJET) que pr\u00e9side le tunisien Tijani Haddad,  et la l\u2019Association Marocaine des Journalistes et \u00c9crivains de Tourisme (AMJET) que pr\u00e9side Najib Senhadji.<\/p>\n\n\n\n<p>Le pr\u00e9sident du Conseil pr\u00e9fectoral du tourisme \u00e0 Mekn\u00e8s (CPTM), M. Adil Terrab a assur\u00e9 que l\u2019organisation de ces journ\u00e9es  \u201cMedia Impact Days\u201d a pour principal objectif de promouvoir  le tourisme \u00e0 Mekn\u00e8s et sa r\u00e9gion, mettant en exergue les mille charmes de la capitale Isma\u00e9lienne, le \u201c Versailles\u201d du Maroc et  la cit\u00e9 m\u00e9di\u00e9vale aux 100 minarets, 70 portes et 40 Kms de murailles et palais les plus prestigieux.<\/p>\n\n\n\n<p>Il a ensuite lou\u00e9 le soutien des partenaires et sponsors et  souhait\u00e9 la bienvenue aux nombreux  journalistes sp\u00e9cialis\u00e9s en voyage  et tourisme venus  notamment du Danemark, Turquie, Tunisie,  \u00c9gypte, Croatie, Belgique, Roumanie, Italie, etc, en plus du Maroc.<\/p>\n\n\n\n<p>Le pr\u00e9sident de la FIJET,  Tijani Haddad , ex-ministre tunisien du tourisme, a rappel\u00e9, \u00e0 cette occasion, que la f\u00e9d\u00e9ration internationale,  cr\u00e9\u00e9e il y a plus de soixante ans,  regroupe quelque 700 journalistes repr\u00e9sentant plusieurs pays du monde et sp\u00e9cialis\u00e9s dans le domaine du tourisme.<\/p>\n\n\n\n<p>Il a indiqu\u00e9 que la FIJEt plaide pour un tourisme qui respecte l\u2019environnement, la paix et l\u2019entente entre les peuples et contribue \u00e0 la cr\u00e9ation d\u2019emplois et \u00e0 la promotion et \u00e0 la valorisation du patrimoine historique, culturel et artistique.<\/p>\n\n\n\n<p>Le d\u00e9l\u00e9gu\u00e9 r\u00e9gional  du tourisme a Mekn\u00e8s, M. Ahmed El Khamlichi a donn\u00e9, de son cot\u00e9,  un aper\u00e7u sur le d\u00e9veloppement  du tourisme dans la capitale isma\u00e9lienne, le site de Volubilis et la cit\u00e9 Sainte de Moulay Driss Zerhoun soulignant que  Mekn\u00e8s compte 76 h\u00f4tels class\u00e9s avec 4083 lits en plus des maisons d\u2019h\u00f4tes class\u00e9es et que le secteur touristique a cr\u00e9\u00e9 7500 emplois dont 2000 directs.<\/p>\n\n\n\n<p>Traitant des r\u00e9alisations,  le d\u00e9l\u00e9gu\u00e9 a assur\u00e9 qu\u2019un h\u00f4tel de 27 lits a \u00e9t\u00e9 mis en service en 2019 pour un co\u00fbt de 6 MDh, 11 projets h\u00f4teliers d\u2019une capacit\u00e9 de 1042 lits sont en cours de r\u00e9alisation pour un investissement de plus de 193 MDh et 7 projets sont \u00e0 l\u2019\u00e9tude pour la cr\u00e9ation de 440 lits pour un budget de plus de 142 MDh.<\/p>\n\n\n\n<p>Il a estim\u00e9 que le manque de l\u2019assiette fonci\u00e8re et les difficult\u00e9s d\u2019acc\u00e8s aux financements constituent un handicap pour la construction et  l\u2019am\u00e9nagement d\u2019autres unit\u00e9s d\u2019h\u00e9bergement. Il a ensuite assur\u00e9 que 167.945 touristes ont visit\u00e9 Mekn\u00e8s en 2018 avec  une hausse de 11 pour cent et r\u00e9alis\u00e9 242.757 nuit\u00e9es avec une augmentation de 11 pour cent) , soulignant que la tendance haussi\u00e8re a \u00e9t\u00e9  enregistr\u00e9e aussi en 2019.<\/p>\n\n\n\n<p>Le directeur adjoint de l\u2019Agence pour la dedensification et la r\u00e9habilitation de F\u00e8s (Ader-F\u00e8s) , M.Alaoui Ismaili a pr\u00e9cis\u00e9 que  800 MDh sont mobilis\u00e9s pour la sauvegarde,  la r\u00e9habilitation et la valorisation de plusieurs monuments historiques et sites touristiques en la m\u00e9dina de Mekn\u00e8s dont  d\u2019anciens palais, medersas, places embl\u00e9matiques, foundouks, Borjs, Casbahs,  mosqu\u00e9es, fontaines et murailles en plus de  la construction de nouveaux parkings pour am\u00e9liorer l\u2019accessibilit\u00e9 \u00e0 l\u2019ancienne m\u00e9dina. Cette importante op\u00e9ration de mise \u00e0 niveau de l\u2019ancienne m\u00e9dina durant la p\u00e9riode 2019-2023  contribuera \u00e0 la dynamisation de la vie culturelle, artistique, touristique et \u00e9conomique de la capitale Isma\u00e9lienne .<\/p>\n\n\n\n<p>A son tour, le pr\u00e9sident de la commune Mechouar de Mekn\u00e8s, M. Raouf Ismaili a rappel\u00e9 que la convention conclue en octobre 2018 \u00e0 Marrakech sous la pr\u00e9sidence de SM le Roi Mohammed VI constitue \u00ab un tournant\u201d pour la restauration et la valorisation des monuments historiques et sites touristiques de l\u2019ancienne m\u00e9dina de Mekn\u00e8s,  inscrite en 1996 par l\u2019UNESCO sur le registre du patrimoine mondial de l\u2019humanit\u00e9.<\/p>\n\n\n\n<p>Des documents, prospectus et d\u00e9pliants sur l\u2019histoire s\u00e9culaire et les  vestiges et sites  touristiques de Mekn\u00e8s et sa r\u00e9gion ont \u00e9t\u00e9  distribu\u00e9s, \u00e0 cette occasion, aux  journalistes participants \u00e0 ce voyage de r\u00eave. Ces hommes des medias  ont d\u00e9couvert la beaut\u00e9 de la m\u00e9dina m\u00e9di\u00e9vale, son artisanat, ses \u00e9choppes,  le site de Volubilis, class\u00e9 \u00e9galement patrimoine mondial humain, la ville sainte de Moulay Driss Zerhoun, berceau de la dynastie des Idrissides, les  vignobles de Boufekrane et l\u2019ancienne m\u00e9dina de F\u00e8s o\u00f9  un banquet leur a \u00e9t\u00e9 offert au fameux Riad Arabesques.<br> Les journalistes qui ont  appr\u00e9ci\u00e9 le patrimoine mat\u00e9riel et immat\u00e9riel des cit\u00e9s mill\u00e9naires Mekn\u00e8s et F\u00e8s, ont d\u00e9gust\u00e9 des mets  de la cuisine marocaine et  dans\u00e9 aux rythmes fr\u00e9n\u00e9tiques des troupes folkloriques , dans une ambiance de f\u00eate, de joie et de bonne humeur .<\/p>\n\n\n\n<p><strong>Kaddour Fattoumi<\/strong><\/p>\n\n\n\n<figure class=\"wp-block-image is-resized\"><img loading=\"lazy\" decoding=\"async\" src=\"http:\/\/premiumtravelnews.com\/wp-content\/uploads\/2016\/11\/logo_blanc.png\" alt=\"Premium Travel News\" width=\"200\" height=\"57\"\/><\/figure>\n","protected":false},"excerpt":{"rendered":"<p>Le Conseil pr\u00e9fectoral du tourisme de Mekn\u00e8s (CPTM) a gagn\u00e9 le pari en organisant du 17 au 19 janvier courant le voyage de presse baptis\u00e9 \u00ab Media Impact Days \u00bb pour booster la destination touristique de la capitale Isma\u00e9lienne, Mekn\u00e8s. Organis\u00e9 en partenariat avec l\u2019Office National Marocain du Tourisme (ONMT), Le CRT F\u00e8s, les conseils<\/p>\n","protected":false},"author":2,"featured_media":6164,"comment_status":"open","ping_status":"open","sticky":false,"template":"","format":"standard","meta":{"footnotes":""},"categories":[112],"tags":[],"_links":{"self":[{"href":"https:\/\/visit-meknes.com\/fr\/wp-json\/wp\/v2\/posts\/6202"}],"collection":[{"href":"https:\/\/visit-meknes.com\/fr\/wp-json\/wp\/v2\/posts"}],"about":[{"href":"https:\/\/visit-meknes.com\/fr\/wp-json\/wp\/v2\/types\/post"}],"author":[{"embeddable":true,"href":"https:\/\/visit-meknes.com\/fr\/wp-json\/wp\/v2\/users\/2"}],"replies":[{"embeddable":true,"href":"https:\/\/visit-meknes.com\/fr\/wp-json\/wp\/v2\/comments?post=6202"}],"version-history":[{"count":1,"href":"https:\/\/visit-meknes.com\/fr\/wp-json\/wp\/v2\/posts\/6202\/revisions"}],"predecessor-version":[{"id":6203,"href":"https:\/\/visit-meknes.com\/fr\/wp-json\/wp\/v2\/posts\/6202\/revisions\/6203"}],"wp:featuredmedia":[{"embeddable":true,"href":"https:\/\/visit-meknes.com\/fr\/wp-json\/wp\/v2\/media\/6164"}],"wp:attachment":[{"href":"https:\/\/visit-meknes.com\/fr\/wp-json\/wp\/v2\/media?parent=6202"}],"wp:term":[{"taxonomy":"category","embeddable":true,"href":"https:\/\/visit-meknes.com\/fr\/wp-json\/wp\/v2\/categories?post=6202"},{"taxonomy":"post_tag","embeddable":true,"href":"https:\/\/visit-meknes.com\/fr\/wp-json\/wp\/v2\/tags?post=6202"}],"curies":[{"name":"wp","href":"https:\/\/api.w.org\/{rel}","templated":true}]}}