{"id":6193,"date":"2020-01-21T23:07:42","date_gmt":"2020-01-21T23:07:42","guid":{"rendered":"https:\/\/visit-meknes.com\/fr\/?p=6193"},"modified":"2020-01-22T23:11:56","modified_gmt":"2020-01-22T23:11:56","slug":"media-impact-days-declaration-de-ahmed-el-khamlichi-delegue-regional-du-tourisme-a-meknes","status":"publish","type":"post","link":"https:\/\/visit-meknes.com\/fr\/media-impact-days-declaration-de-ahmed-el-khamlichi-delegue-regional-du-tourisme-a-meknes\/","title":{"rendered":"\u00abMedia Impact Days\u00bb: D\u00e9claration de Ahmed El Khamlichi, d\u00e9l\u00e9gu\u00e9 r\u00e9gional du tourisme \u00e0 Mekn\u00e8s"},"content":{"rendered":"\n<figure class=\"wp-block-embed-youtube wp-block-embed is-type-video is-provider-youtube wp-embed-aspect-16-9 wp-has-aspect-ratio\"><div class=\"wp-block-embed__wrapper\">\n<iframe loading=\"lazy\" title=\"\u00abMedia Impact Days\u00bb: D\u00e9claration de Ahmed El Khamlichi, d\u00e9l\u00e9gu\u00e9 r\u00e9gional du tourisme \u00e0 Mekn\u00e8s\" width=\"1170\" height=\"658\" src=\"https:\/\/www.youtube.com\/embed\/M5JfnA2qhKI?feature=oembed\" frameborder=\"0\" allow=\"accelerometer; autoplay; encrypted-media; gyroscope; picture-in-picture\" allowfullscreen><\/iframe>\n<\/div><\/figure>\n","protected":false},"excerpt":{"rendered":"","protected":false},"author":2,"featured_media":6195,"comment_status":"open","ping_status":"open","sticky":false,"template":"","format":"video","meta":{"footnotes":""},"categories":[112,9],"tags":[],"_links":{"self":[{"href":"https:\/\/visit-meknes.com\/fr\/wp-json\/wp\/v2\/posts\/6193"}],"collection":[{"href":"https:\/\/visit-meknes.com\/fr\/wp-json\/wp\/v2\/posts"}],"about":[{"href":"https:\/\/visit-meknes.com\/fr\/wp-json\/wp\/v2\/types\/post"}],"author":[{"embeddable":true,"href":"https:\/\/visit-meknes.com\/fr\/wp-json\/wp\/v2\/users\/2"}],"replies":[{"embeddable":true,"href":"https:\/\/visit-meknes.com\/fr\/wp-json\/wp\/v2\/comments?post=6193"}],"version-history":[{"count":1,"href":"https:\/\/visit-meknes.com\/fr\/wp-json\/wp\/v2\/posts\/6193\/revisions"}],"predecessor-version":[{"id":6194,"href":"https:\/\/visit-meknes.com\/fr\/wp-json\/wp\/v2\/posts\/6193\/revisions\/6194"}],"wp:featuredmedia":[{"embeddable":true,"href":"https:\/\/visit-meknes.com\/fr\/wp-json\/wp\/v2\/media\/6195"}],"wp:attachment":[{"href":"https:\/\/visit-meknes.com\/fr\/wp-json\/wp\/v2\/media?parent=6193"}],"wp:term":[{"taxonomy":"category","embeddable":true,"href":"https:\/\/visit-meknes.com\/fr\/wp-json\/wp\/v2\/categories?post=6193"},{"taxonomy":"post_tag","embeddable":true,"href":"https:\/\/visit-meknes.com\/fr\/wp-json\/wp\/v2\/tags?post=6193"}],"curies":[{"name":"wp","href":"https:\/\/api.w.org\/{rel}","templated":true}]}}