{"id":6172,"date":"2020-01-21T20:35:56","date_gmt":"2020-01-21T20:35:56","guid":{"rendered":"https:\/\/visit-meknes.com\/fr\/?p=6172"},"modified":"2020-01-21T20:35:58","modified_gmt":"2020-01-21T20:35:58","slug":"media-impact-days-2020-le-riche-patrimoine-touristique-meknasi-mis-en-avant","status":"publish","type":"post","link":"https:\/\/visit-meknes.com\/fr\/media-impact-days-2020-le-riche-patrimoine-touristique-meknasi-mis-en-avant\/","title":{"rendered":"Media Impact Days 2020 : Le riche patrimoine touristique meknasi mis en avant\u2026"},"content":{"rendered":"\n<p>La capitale isma\u00e9lite, notamment son Conseil Provincial du Tourisme, a organis\u00e9 le week-end dernier ses journ\u00e9es \u2018\u2018Media Impact Days\u2019\u2019, une rencontre autour de la ville de Mekn\u00e8s et ses atouts touristiques. De quoi promouvoir une destination, certes \u00e0 patrimoine historique riche, mais n\u2019est pas aussi mis en valeur comme il se doit. Il s\u2019agit aussi, dit-on aupr\u00e8s des organisateurs, d\u2019une initiative que le CPT Mekn\u00e8s entend partager avec les m\u00e9dias et bien d\u2019autres professionnels \u00e0 travers une s\u00e9rie de rencontre et de d\u00e9couverte des facettes touristiques, notamment les produits de niche qui se r\u00e9v\u00e8lent \u00e0 forte valeur ajout\u00e9e.<\/p>\n\n\n\n<p>En effet, le produit est incrust\u00e9 dans une authenticit\u00e9 historique l\u2019habilitant \u00e0 devenir une plateforme d\u2019appel culturel et agro-touristique formidables. Avis d\u2019ailleurs partag\u00e9 par la F\u00e9d\u00e9ration Internationale des Journalistes et Ecrivains du Tourisme (FIJET) qui a pris part \u00e0 ces journ\u00e9es \u2018\u2018 Media Impact Days \u2019\u2019 \u00e0 travers une d\u00e9l\u00e9gation de 20 personnalit\u00e9s repr\u00e9sentant son Comit\u00e9 Directeur.<\/p>\n\n\n\n<p>Ils sont venus de plusieurs pays, dont les Etats Unis, la Russie, la France, l\u2019Espagne, ou encore l\u2019Italie. A Mekn\u00e8s, lors de ce s\u00e9jour-d\u00e9couverte, et en marge des travaux du Comit\u00e9 Directeur de la FIJET, des rencontres avec les d\u00e9cideurs et acteurs intervenant dans le secteur ont \u00e9t\u00e9 tenues dans l\u2019objectif d\u2019aller de l\u2019avant pour le tourisme r\u00e9gional, notamment dans la r\u00e9gion M\u00e9diterran\u00e9e, o\u00f9 la destination Maroc se veut comp\u00e9titive et riche en offre de produits touristiques \u00e0 m\u00eame d\u2019occuper une place de choix dans la programmation des TO et voyagistes internationaux. A Mekn\u00e8s aussi, il a \u00e9t\u00e9 question de la destination isma\u00e9lite. Le pr\u00e9sident du CPT Adil Terrab a tenu \u00e0 pr\u00e9ciser que la ville s\u2019attache \u00e0 valoriser son patrimoine culturel et historique et \u00e0 cr\u00e9er de v\u00e9ritables offres culturelles \u00e0 forte projection internationale. Et de poursuivre qu\u2019en compl\u00e9ment la ville d\u00e9veloppe une offre de \u2018\u2018nature\u2019\u2019 et agro-touristique dans l\u2019arri\u00e8re-pays, afin de proposer aux touristes une v\u00e9ritable exp\u00e9rience de \u2018\u2018voyage aux sources du Maroc\u2019\u2019.<\/p>\n\n\n\n<p><strong>lnt.ma<\/strong><\/p>\n","protected":false},"excerpt":{"rendered":"<p>La capitale isma\u00e9lite, notamment son Conseil Provincial du Tourisme, a organis\u00e9 le week-end dernier ses journ\u00e9es \u2018\u2018Media Impact Days\u2019\u2019, une rencontre autour de la ville de Mekn\u00e8s et ses atouts touristiques. De quoi promouvoir une destination, certes \u00e0 patrimoine historique riche, mais n\u2019est pas aussi mis en valeur comme il se doit. Il s\u2019agit aussi,<\/p>\n","protected":false},"author":2,"featured_media":6173,"comment_status":"open","ping_status":"open","sticky":false,"template":"","format":"standard","meta":{"footnotes":""},"categories":[112],"tags":[],"_links":{"self":[{"href":"https:\/\/visit-meknes.com\/fr\/wp-json\/wp\/v2\/posts\/6172"}],"collection":[{"href":"https:\/\/visit-meknes.com\/fr\/wp-json\/wp\/v2\/posts"}],"about":[{"href":"https:\/\/visit-meknes.com\/fr\/wp-json\/wp\/v2\/types\/post"}],"author":[{"embeddable":true,"href":"https:\/\/visit-meknes.com\/fr\/wp-json\/wp\/v2\/users\/2"}],"replies":[{"embeddable":true,"href":"https:\/\/visit-meknes.com\/fr\/wp-json\/wp\/v2\/comments?post=6172"}],"version-history":[{"count":1,"href":"https:\/\/visit-meknes.com\/fr\/wp-json\/wp\/v2\/posts\/6172\/revisions"}],"predecessor-version":[{"id":6174,"href":"https:\/\/visit-meknes.com\/fr\/wp-json\/wp\/v2\/posts\/6172\/revisions\/6174"}],"wp:featuredmedia":[{"embeddable":true,"href":"https:\/\/visit-meknes.com\/fr\/wp-json\/wp\/v2\/media\/6173"}],"wp:attachment":[{"href":"https:\/\/visit-meknes.com\/fr\/wp-json\/wp\/v2\/media?parent=6172"}],"wp:term":[{"taxonomy":"category","embeddable":true,"href":"https:\/\/visit-meknes.com\/fr\/wp-json\/wp\/v2\/categories?post=6172"},{"taxonomy":"post_tag","embeddable":true,"href":"https:\/\/visit-meknes.com\/fr\/wp-json\/wp\/v2\/tags?post=6172"}],"curies":[{"name":"wp","href":"https:\/\/api.w.org\/{rel}","templated":true}]}}