{"id":6169,"date":"2020-01-20T20:29:39","date_gmt":"2020-01-20T20:29:39","guid":{"rendered":"https:\/\/visit-meknes.com\/fr\/?p=6169"},"modified":"2020-01-21T23:07:53","modified_gmt":"2020-01-21T23:07:53","slug":"meknes-se-reve-une-destination-city-break","status":"publish","type":"post","link":"https:\/\/visit-meknes.com\/fr\/meknes-se-reve-une-destination-city-break\/","title":{"rendered":"Mekn\u00e8s se r\u00eave une destination city break"},"content":{"rendered":"\n<p>Mekn\u00e8s a, elle aussi, une riche histoire \u00e0 raconter et un patrimoine \u00e0 d\u00e9couvrir. C\u2019est l\u2019avis des professionnels du tourisme qui organisent, ce week-end, une op\u00e9ration promotionnelle pour la capitale isma\u00eflienne. En effet, une centaine de journalistes, influenceurs et blogueurs de voyage professionnels sont convi\u00e9s \u00e0 un week-end presse.<\/p>\n\n\n\n<p>Initi\u00e9e par le Conseil pr\u00e9fectoral du tourisme (CPT) de Mekn\u00e8s, en partenariat avec le minist\u00e8re du Tourisme, cette manifestation vise \u00e0 promouvoir les merveilles du patrimoine historique de l\u2019ancienne m\u00e9dina de Mekn\u00e8s, \u00e0 communiquer autour des atouts de la destination et renforcer sa notori\u00e9t\u00e9. Il est \u00e9galement question de faire d\u00e9couvrir l\u2019offre touristique, le patrimoine en cours de restauration, ainsi que les innombrables attractions de la cit\u00e9 imp\u00e9riale.<\/p>\n\n\n\n<p>Trois jours durant (du 17 au 19 janvier), les repr\u00e9sentants de supports nationaux et internationaux exploreront les multiples facettes de la ville \u00abpatrimoine universel de l\u2019Unesco\u00bb.<\/p>\n\n\n\n<p>\u00abBaptis\u00e9 Media Impact Days, ce voyage sera l\u2019occasion d\u2019explorer le patrimoine mat\u00e9riel et immat\u00e9riel de Mekn\u00e8s, son histoire imp\u00e9riale enracin\u00e9e, son arri\u00e8re-pays diversifi\u00e9, sa richesse artisanale et ses produits du terroir\u00bb, indique Adil Terrab, pr\u00e9sident du CPT. Les m\u00e9dias prendront, \u00e9galement, connaissance des efforts d\u00e9ploy\u00e9s par les professionnels du tourisme pour la promotion de la destination, et des nouveaux outils de communication du CPT.<\/p>\n\n\n\n<p>Les travaux de restauration de la m\u00e9dina de Mekn\u00e8s, lanc\u00e9s en octobre 2018, sont estim\u00e9s \u00e0 800 millions de DH. Sont pr\u00e9vus, la valorisation des monuments historiques, l\u2019am\u00e9lioration de l\u2019accessibilit\u00e9 ainsi que le renforcement de l\u2019attractivit\u00e9 touristique de la ville. Les \u00e9tudes pour la r\u00e9alisation de ces projets ont d\u00e9j\u00e0 \u00e9t\u00e9 entam\u00e9es et les premiers chantiers sont d\u00e9j\u00e0 lanc\u00e9s.<\/p>\n\n\n\n<figure class=\"wp-block-image\"><img decoding=\"async\" src=\"https:\/\/leconomiste.com\/sites\/default\/files\/eco7\/public\/thumbnails\/image\/volubilis-078.jpg\" alt=\"volubilis-078.jpg\"\/><\/figure>\n\n\n\n<p>Le patrimoine historique, mat\u00e9riel et immat\u00e9riel, de la cit\u00e9 isma\u00eflienne, son arri\u00e8re-pays, ses multiples sites, dont celui de Volubilis, sa civilisation mill\u00e9naire\u2026, sont autant d\u2019atouts. Comparable aux produits culturels de Paris, Londres, Rome et Florence, l\u2019offre de la capitale isma\u00eflienne peut se positionner sur les m\u00eames objectifs que ceux des villes mondiales.<\/p>\n\n\n\n<p>Mekn\u00e8s devrait au moins doubler ses nuit\u00e9es d\u2019ici 2023 (230.000 nuit\u00e9es en 2019). D\u2019ici l\u00e0, \u00e9lus, autorit\u00e9s locales, services ext\u00e9rieurs, professionnels et acteurs associatifs, doivent conjuguer leurs efforts pour faire de Mekn\u00e8s \u00abune destination \u00e0 part enti\u00e8re\u00bb.<\/p>\n\n\n\n<p>Avec sa s\u0153ur jumelle F\u00e8s, celle-ci peut constituer une v\u00e9ritable force de frappe. Initi\u00e9s en collaboration avec la pr\u00e9fecture de Mekn\u00e8s et la F\u00e9d\u00e9ration internationale des journalistes et \u00e9crivains du tourisme (Fijet), les Media Impact Days seront marqu\u00e9s par la tenue d\u2019une s\u00e9ance pl\u00e9ni\u00e8re le samedi 18 janvier et des d\u00e9bats anim\u00e9s par des chercheurs et sp\u00e9cialistes du monde du tourisme.<\/p>\n\n\n\n<p>Le volet animation sera \u00e9galement au rendez-vous durant un d\u00eener de gala pr\u00e9vu samedi soir. Le programme pr\u00e9voit une visite de la cit\u00e9 imp\u00e9riale et une escapade au site arch\u00e9ologique de Volubilis, \u00e0 la cit\u00e9 sainte Moulay Driss Zerhoun et enfin au si\u00e8ge historique du CPT Mekn\u00e8s.<\/p>\n\n\n\n<p>\u00abA travers ce voyage, le CPT esp\u00e8re \u00eatre un trait d\u2019union entre la presse nationale et internationale, les professionnels du tourisme de Mekn\u00e8s et sa pr\u00e9fecture, pour promouvoir un \u00e9change de qualit\u00e9 autour d\u2019une destination touristique en pleine renaissance\u00bb, conclut Terrab.<\/p>\n\n\n\n<blockquote class=\"wp-block-quote is-layout-flow wp-block-quote-is-layout-flow\"><p><strong>Un potentiel sous exploit\u00e9<\/strong><\/p><p>La r\u00e9gion F\u00e8s-Mekn\u00e8s dispose d\u2019un riche capital naturel, culturel et historique susceptible de constituer un levier de d\u00e9veloppement du tourisme. On peut distinguer trois principales zones: les montagnes, les stations thermales, les villes traditionnelles et les sites historiques. La r\u00e9gion de F\u00e8s-Mekn\u00e8s dispose de 335 \u00e9tablissements d\u2019h\u00e9bergement touristique class\u00e9s, dont la capacit\u00e9 liti\u00e8re totale s\u2019\u00e9l\u00e8ve \u00e0 19.044 lits. Cela dit, le tourisme doit pallier le manque d\u2019animation, promotion et connexions directes avec les principaux march\u00e9s \u00e9metteurs, outre l\u2019Afrique. En attendant, gr\u00e2ce \u00e0 l\u2019impulsion royale donn\u00e9e aux programmes de r\u00e9habilitation des m\u00e9dinas des deux villes imp\u00e9riales, les op\u00e9rateurs croient dur comme fer en l\u2019avenir du secteur. Avec F\u00e8s, \u00e0 40 minutes de route, Mekn\u00e8s pourrait offrir un produit compl\u00e9mentaire et d\u00e9velopper une v\u00e9ritable destination \u00abcity break\u00bb.<\/p><\/blockquote>\n\n\n\n<figure class=\"wp-block-image is-resized\"><img loading=\"lazy\" decoding=\"async\" src=\"https:\/\/www.leconomiste.com\/sites\/all\/themes\/eco7_vf\/images\/logo_leconomiste_18.png\" alt=\"Leconomiste.com - Le premier quotidien \u00e9conomique du Maroc\" width=\"247\" height=\"38\"\/><\/figure>\n","protected":false},"excerpt":{"rendered":"<p>Mekn\u00e8s a, elle aussi, une riche histoire \u00e0 raconter et un patrimoine \u00e0 d\u00e9couvrir. C\u2019est l\u2019avis des professionnels du tourisme qui organisent, ce week-end, une op\u00e9ration promotionnelle pour la capitale isma\u00eflienne. En effet, une centaine de journalistes, influenceurs et blogueurs de voyage professionnels sont convi\u00e9s \u00e0 un week-end presse. Initi\u00e9e par le Conseil pr\u00e9fectoral du<\/p>\n","protected":false},"author":2,"featured_media":6141,"comment_status":"open","ping_status":"open","sticky":false,"template":"","format":"standard","meta":{"footnotes":""},"categories":[6],"tags":[],"_links":{"self":[{"href":"https:\/\/visit-meknes.com\/fr\/wp-json\/wp\/v2\/posts\/6169"}],"collection":[{"href":"https:\/\/visit-meknes.com\/fr\/wp-json\/wp\/v2\/posts"}],"about":[{"href":"https:\/\/visit-meknes.com\/fr\/wp-json\/wp\/v2\/types\/post"}],"author":[{"embeddable":true,"href":"https:\/\/visit-meknes.com\/fr\/wp-json\/wp\/v2\/users\/2"}],"replies":[{"embeddable":true,"href":"https:\/\/visit-meknes.com\/fr\/wp-json\/wp\/v2\/comments?post=6169"}],"version-history":[{"count":1,"href":"https:\/\/visit-meknes.com\/fr\/wp-json\/wp\/v2\/posts\/6169\/revisions"}],"predecessor-version":[{"id":6171,"href":"https:\/\/visit-meknes.com\/fr\/wp-json\/wp\/v2\/posts\/6169\/revisions\/6171"}],"wp:featuredmedia":[{"embeddable":true,"href":"https:\/\/visit-meknes.com\/fr\/wp-json\/wp\/v2\/media\/6141"}],"wp:attachment":[{"href":"https:\/\/visit-meknes.com\/fr\/wp-json\/wp\/v2\/media?parent=6169"}],"wp:term":[{"taxonomy":"category","embeddable":true,"href":"https:\/\/visit-meknes.com\/fr\/wp-json\/wp\/v2\/categories?post=6169"},{"taxonomy":"post_tag","embeddable":true,"href":"https:\/\/visit-meknes.com\/fr\/wp-json\/wp\/v2\/tags?post=6169"}],"curies":[{"name":"wp","href":"https:\/\/api.w.org\/{rel}","templated":true}]}}