{"id":6163,"date":"2020-01-19T20:23:42","date_gmt":"2020-01-19T20:23:42","guid":{"rendered":"https:\/\/visit-meknes.com\/fr\/?p=6163"},"modified":"2020-01-19T20:23:44","modified_gmt":"2020-01-19T20:23:44","slug":"reportage-imtv-meknes-dans-lhistoire-video","status":"publish","type":"post","link":"https:\/\/visit-meknes.com\/fr\/reportage-imtv-meknes-dans-lhistoire-video\/","title":{"rendered":"Reportage IMTV : Mekn\u00e8s dans l\u2019histoire (vid\u00e9o)"},"content":{"rendered":"\n<figure class=\"wp-block-embed-youtube wp-block-embed is-type-video is-provider-youtube wp-embed-aspect-16-9 wp-has-aspect-ratio\"><div class=\"wp-block-embed__wrapper\">\n<iframe loading=\"lazy\" title=\"Reportage IMTV : Mekn\u00e8s dans l&#039;histoire (vid\u00e9o)\" width=\"1170\" height=\"658\" src=\"https:\/\/www.youtube.com\/embed\/KPNkhrsCx5o?feature=oembed\" frameborder=\"0\" allow=\"accelerometer; autoplay; encrypted-media; gyroscope; picture-in-picture\" allowfullscreen><\/iframe>\n<\/div><\/figure>\n\n\n\n<p>Mekn\u00e8s Fond\u00e9e au X\u00e8me si\u00e8cle par la tribu Z\u00e9n\u00e8te Meknassa, conquise par les Almoravides, elle fut d\u2019abord un site militaire (XI \u00e8me si\u00e8cle) et se d\u00e9veloppa sous la dynastie des Almohades (XII \u00e8me si\u00e8cle) et au si\u00e8cle suivant avec les M\u00e9rinides. Il a fallu attendre la fin du XVII \u00e8me si\u00e8cle et l\u2019\u00e9v\u00e8nement du deuxi\u00e8me Sultan Alaouite pour que la ville se place au premier rang des cit\u00e9s imp\u00e9riales. Moulay Ismail lui donna un extraordinaire essor.<\/p>\n\n\n\n<figure class=\"wp-block-image is-resized\"><img loading=\"lazy\" decoding=\"async\" src=\"https:\/\/www.infomediaire.net\/wp-content\/uploads\/2017\/05\/logoinfomediaireexe-1-300x80.jpg\" alt=\"\" width=\"166\" height=\"44\"\/><\/figure>\n","protected":false},"excerpt":{"rendered":"<p>Mekn\u00e8s Fond\u00e9e au X\u00e8me si\u00e8cle par la tribu Z\u00e9n\u00e8te Meknassa, conquise par les Almoravides, elle fut d\u2019abord un site militaire (XI \u00e8me si\u00e8cle) et se d\u00e9veloppa sous la dynastie des Almohades (XII \u00e8me si\u00e8cle) et au si\u00e8cle suivant avec les M\u00e9rinides. Il a fallu attendre la fin du XVII \u00e8me si\u00e8cle et l\u2019\u00e9v\u00e8nement du deuxi\u00e8me<\/p>\n","protected":false},"author":2,"featured_media":6164,"comment_status":"open","ping_status":"open","sticky":false,"template":"","format":"standard","meta":{"footnotes":""},"categories":[6],"tags":[],"_links":{"self":[{"href":"https:\/\/visit-meknes.com\/fr\/wp-json\/wp\/v2\/posts\/6163"}],"collection":[{"href":"https:\/\/visit-meknes.com\/fr\/wp-json\/wp\/v2\/posts"}],"about":[{"href":"https:\/\/visit-meknes.com\/fr\/wp-json\/wp\/v2\/types\/post"}],"author":[{"embeddable":true,"href":"https:\/\/visit-meknes.com\/fr\/wp-json\/wp\/v2\/users\/2"}],"replies":[{"embeddable":true,"href":"https:\/\/visit-meknes.com\/fr\/wp-json\/wp\/v2\/comments?post=6163"}],"version-history":[{"count":1,"href":"https:\/\/visit-meknes.com\/fr\/wp-json\/wp\/v2\/posts\/6163\/revisions"}],"predecessor-version":[{"id":6165,"href":"https:\/\/visit-meknes.com\/fr\/wp-json\/wp\/v2\/posts\/6163\/revisions\/6165"}],"wp:featuredmedia":[{"embeddable":true,"href":"https:\/\/visit-meknes.com\/fr\/wp-json\/wp\/v2\/media\/6164"}],"wp:attachment":[{"href":"https:\/\/visit-meknes.com\/fr\/wp-json\/wp\/v2\/media?parent=6163"}],"wp:term":[{"taxonomy":"category","embeddable":true,"href":"https:\/\/visit-meknes.com\/fr\/wp-json\/wp\/v2\/categories?post=6163"},{"taxonomy":"post_tag","embeddable":true,"href":"https:\/\/visit-meknes.com\/fr\/wp-json\/wp\/v2\/tags?post=6163"}],"curies":[{"name":"wp","href":"https:\/\/api.w.org\/{rel}","templated":true}]}}