{"id":6155,"date":"2020-01-17T18:36:17","date_gmt":"2020-01-17T18:36:17","guid":{"rendered":"https:\/\/visit-meknes.com\/fr\/?p=6155"},"modified":"2020-01-18T15:42:31","modified_gmt":"2020-01-18T15:42:31","slug":"reunion-du-bureau-executif-de-la-fijet","status":"publish","type":"post","link":"https:\/\/visit-meknes.com\/fr\/reunion-du-bureau-executif-de-la-fijet\/","title":{"rendered":"R\u00e9union du Bureau Ex\u00e9cutif de la FIJET"},"content":{"rendered":"\n<p>R\u00e9union du Bureau Ex\u00e9cutif de la FIJET:<\/p>\n\n\n\n<p>F\u00e9d\u00e9ration Internationale des Journalistes et \u00c9crivains du Tourisme \u00e0 l\u2019H\u00f4tel Transatlantique Mekn\u00e8s Morocco.<\/p>\n\n\n\n<p>A l\u2019ouverture des \u00ab\u00a0Media Impact Days\u00a0\u00bb organis\u00e9s par le Conseil Pr\u00e9fectoral du Tourisme de Mekn\u00e8s du 17 au 20 Janvier 2020.<\/p>\n\n\n<div id=\"jig1\" class=\"justified-image-grid jig-32b53f5abfe1cec45a01bc84a1d6d293 jig-preset-global\"><div class=\"jig-clearfix\"><\/div><noscript id=\"jig1-html\" class=\"justified-image-grid-html\" data-lazy-src=\"skiplazyload\" data-src=\"skipunveillazyload\"><ul><li><a href=\"https:\/\/visit-meknes.com\/fr\/wp-content\/uploads\/2020\/01\/R\u00e9union-du-Bureau-Ex\u00e9cutif-de-la-FIJET-1.jpg\"><img loading=\"lazy\" decoding=\"async\" src=\"https:\/\/visit-meknes.com\/fr\/wp-content\/plugins\/justified-image-grid\/timthumb.php?src=https%3A%2F%2Fvisit-meknes.com%2Ffr%2Fwp-content%2Fuploads%2F2020%2F01%2FR%C3%A9union-du-Bureau-Ex%C3%A9cutif-de-la-FIJET-1.jpg&amp;h=230&amp;q=90&amp;f=.jpg\" alt=\"R\u00e9union-du-Bureau-Ex\u00e9cutif-de-la-FIJET-1\" width=\"306\" height=\"230\" \/><\/a><p class=\"jig-HTMLdescription\">R\u00e9union-du-Bureau-Ex\u00e9cutif-de-la-FIJET-1<br\/><\/p><\/li><li><a href=\"https:\/\/visit-meknes.com\/fr\/wp-content\/uploads\/2020\/01\/R\u00e9union-du-Bureau-Ex\u00e9cutif-de-la-FIJET-2.jpg\"><img loading=\"lazy\" decoding=\"async\" src=\"https:\/\/visit-meknes.com\/fr\/wp-content\/plugins\/justified-image-grid\/timthumb.php?src=https%3A%2F%2Fvisit-meknes.com%2Ffr%2Fwp-content%2Fuploads%2F2020%2F01%2FR%C3%A9union-du-Bureau-Ex%C3%A9cutif-de-la-FIJET-2.jpg&amp;h=230&amp;q=90&amp;f=.jpg\" alt=\"R\u00e9union-du-Bureau-Ex\u00e9cutif-de-la-FIJET-2\" width=\"306\" height=\"230\" \/><\/a><p class=\"jig-HTMLdescription\">R\u00e9union-du-Bureau-Ex\u00e9cutif-de-la-FIJET-2<br\/><\/p><\/li><li><a href=\"https:\/\/visit-meknes.com\/fr\/wp-content\/uploads\/2020\/01\/R\u00e9union-du-Bureau-Ex\u00e9cutif-de-la-FIJET-3.jpg\"><img loading=\"lazy\" decoding=\"async\" src=\"https:\/\/visit-meknes.com\/fr\/wp-content\/plugins\/justified-image-grid\/timthumb.php?src=https%3A%2F%2Fvisit-meknes.com%2Ffr%2Fwp-content%2Fuploads%2F2020%2F01%2FR%C3%A9union-du-Bureau-Ex%C3%A9cutif-de-la-FIJET-3.jpg&amp;h=230&amp;q=90&amp;f=.jpg\" alt=\"R\u00e9union-du-Bureau-Ex\u00e9cutif-de-la-FIJET-3\" width=\"172\" height=\"230\" \/><\/a><p class=\"jig-HTMLdescription\">R\u00e9union-du-Bureau-Ex\u00e9cutif-de-la-FIJET-3<br\/><\/p><\/li><li><a href=\"https:\/\/visit-meknes.com\/fr\/wp-content\/uploads\/2020\/01\/R\u00e9union-du-Bureau-Ex\u00e9cutif-de-la-FIJET-4.jpg\"><img loading=\"lazy\" decoding=\"async\" src=\"https:\/\/visit-meknes.com\/fr\/wp-content\/plugins\/justified-image-grid\/timthumb.php?src=https%3A%2F%2Fvisit-meknes.com%2Ffr%2Fwp-content%2Fuploads%2F2020%2F01%2FR%C3%A9union-du-Bureau-Ex%C3%A9cutif-de-la-FIJET-4.jpg&amp;h=230&amp;q=90&amp;f=.jpg\" alt=\"R\u00e9union-du-Bureau-Ex\u00e9cutif-de-la-FIJET-4\" width=\"306\" height=\"230\" \/><\/a><p class=\"jig-HTMLdescription\">R\u00e9union-du-Bureau-Ex\u00e9cutif-de-la-FIJET-4<br\/><\/p><\/li><li><a href=\"https:\/\/visit-meknes.com\/fr\/wp-content\/uploads\/2020\/01\/R\u00e9union-du-Bureau-Ex\u00e9cutif-de-la-FIJET-5.jpg\"><img loading=\"lazy\" decoding=\"async\" src=\"https:\/\/visit-meknes.com\/fr\/wp-content\/plugins\/justified-image-grid\/timthumb.php?src=https%3A%2F%2Fvisit-meknes.com%2Ffr%2Fwp-content%2Fuploads%2F2020%2F01%2FR%C3%A9union-du-Bureau-Ex%C3%A9cutif-de-la-FIJET-5.jpg&amp;h=230&amp;q=90&amp;f=.jpg\" alt=\"R\u00e9union-du-Bureau-Ex\u00e9cutif-de-la-FIJET-5\" width=\"306\" height=\"230\" \/><\/a><p class=\"jig-HTMLdescription\">R\u00e9union-du-Bureau-Ex\u00e9cutif-de-la-FIJET-5<br\/><\/p><\/li><\/ul><\/noscript><\/div>\r\n","protected":false},"excerpt":{"rendered":"<p>R\u00e9union du Bureau Ex\u00e9cutif de la FIJET: F\u00e9d\u00e9ration Internationale des Journalistes et \u00c9crivains du Tourisme \u00e0 l\u2019H\u00f4tel Transatlantique Mekn\u00e8s Morocco. A l\u2019ouverture des \u00ab\u00a0Media Impact Days\u00a0\u00bb organis\u00e9s par le Conseil Pr\u00e9fectoral du Tourisme de Mekn\u00e8s du 17 au 20 Janvier 2020.<\/p>\n","protected":false},"author":2,"featured_media":6156,"comment_status":"open","ping_status":"open","sticky":false,"template":"","format":"standard","meta":{"footnotes":""},"categories":[6],"tags":[],"_links":{"self":[{"href":"https:\/\/visit-meknes.com\/fr\/wp-json\/wp\/v2\/posts\/6155"}],"collection":[{"href":"https:\/\/visit-meknes.com\/fr\/wp-json\/wp\/v2\/posts"}],"about":[{"href":"https:\/\/visit-meknes.com\/fr\/wp-json\/wp\/v2\/types\/post"}],"author":[{"embeddable":true,"href":"https:\/\/visit-meknes.com\/fr\/wp-json\/wp\/v2\/users\/2"}],"replies":[{"embeddable":true,"href":"https:\/\/visit-meknes.com\/fr\/wp-json\/wp\/v2\/comments?post=6155"}],"version-history":[{"count":1,"href":"https:\/\/visit-meknes.com\/fr\/wp-json\/wp\/v2\/posts\/6155\/revisions"}],"predecessor-version":[{"id":6161,"href":"https:\/\/visit-meknes.com\/fr\/wp-json\/wp\/v2\/posts\/6155\/revisions\/6161"}],"wp:featuredmedia":[{"embeddable":true,"href":"https:\/\/visit-meknes.com\/fr\/wp-json\/wp\/v2\/media\/6156"}],"wp:attachment":[{"href":"https:\/\/visit-meknes.com\/fr\/wp-json\/wp\/v2\/media?parent=6155"}],"wp:term":[{"taxonomy":"category","embeddable":true,"href":"https:\/\/visit-meknes.com\/fr\/wp-json\/wp\/v2\/categories?post=6155"},{"taxonomy":"post_tag","embeddable":true,"href":"https:\/\/visit-meknes.com\/fr\/wp-json\/wp\/v2\/tags?post=6155"}],"curies":[{"name":"wp","href":"https:\/\/api.w.org\/{rel}","templated":true}]}}