{"id":6143,"date":"2020-01-15T20:16:32","date_gmt":"2020-01-15T20:16:32","guid":{"rendered":"https:\/\/visit-meknes.com\/fr\/?p=6143"},"modified":"2020-01-15T20:16:33","modified_gmt":"2020-01-15T20:16:33","slug":"la-fijet-invitee-par-le-cpt-meknes-et-le-crt-fes-meknes-aux-media-impact-days","status":"publish","type":"post","link":"https:\/\/visit-meknes.com\/fr\/la-fijet-invitee-par-le-cpt-meknes-et-le-crt-fes-meknes-aux-media-impact-days\/","title":{"rendered":"La FIJET invit\u00e9e par le CPT Mekn\u00e8s et le CRT F\u00e8s-Mekn\u00e8s aux Media Impact Days"},"content":{"rendered":"\n<p>Les journ\u00e9es Media Impact Days, organis\u00e9es le week-end du 17 au 19 janvier courant par le Conseil Provincial du Tourisme de Mekn\u00e8s visant la promotion de la destination, ont vu la mobilisation militante du collectif professionnel qui ambitionne un red\u00e9collage optimal du produit. Une action que le CPT Mekn\u00e8s entend partager avec les m\u00e9dias de la plus belle mani\u00e8re \u00e0 travers une s\u00e9rie de rencontres et de d\u00e9couvertes des facettes touristiques, notamment les produits de niche qui se r\u00e9v\u00e8lent \u00e0 forte valeur ajout\u00e9e.<\/p>\n\n\n\n<p>En effet, le produit est incrust\u00e9 dans une authenticit\u00e9 historique l\u2019habilitant \u00e0 devenir une plateforme d\u2019appel culturel et agro-touristique formidable. Avis d\u2019ailleurs partag\u00e9 par la F\u00e9d\u00e9ration Internationale des Journalistes et Ecrivains du Tourisme qui compte assister \u00e0 ces journ\u00e9es \u00e0 travers une d\u00e9l\u00e9gation de plus de  20 personnalit\u00e9s repr\u00e9sentant son Comit\u00e9 Directeur. L\u2019occasion pour la FIJET de tenir la r\u00e9union de son comit\u00e9 ex\u00e9cutif.<\/p>\n\n\n\n<p>Les travaux du Comit\u00e9 Directeur de la FIJET se d\u00e9rouleront en parall\u00e8le avec le voyage presse \u00ab Media Impact Days \u00bb.<\/p>\n\n\n\n<p>Prendront part \u00e0 ces travaux, en plus de la presse marocaine, plus de 100 journalistes sp\u00e9cialis\u00e9s en tourisme, venus de plusieurs pays, dont les Etats Unis, la Russie, la France, l\u2019Espagne, l\u2019Italie, la Serbie, la Slov\u00e9nie, la Turquie, la Belgique, la Bulgarie, la Slovaquie, la Croatie, l\u2019Equateur, l\u2019Egypte, le Danemark,  la Tunisie. Des personnalit\u00e9s de haut rang seront \u00e9galement invit\u00e9es, dont entre autres Chawki Tabib (Pr\u00e9sident de l\u2019Instance nationale de lutte contre la corruption en Tunisie, Taieb Baccouche (Secr\u00e9taire G\u00e9n\u00e9ral de l\u2019Union du Maghreb Arabe (UMA), etc.<\/p>\n\n\n\n<p>Des rencontres avec les d\u00e9cideurs et acteurs intervenant dans le secteur sont \u00e9galement pr\u00e9vues, en marge des travaux du Comit\u00e9 Directeur de la FIJET \u00e0 Mekn\u00e8s et F\u00e8s.<\/p>\n\n\n\n<p>Cette importante r\u00e9union intervient en pleine mouvance du tourisme dans la r\u00e9gion M\u00e9diterran\u00e9e o\u00f9 le Maroc tient \u00e0 se positionner en destination touristique stable et comp\u00e9titive \u00e0 m\u00eame d\u2019occuper une place de choix dans la programmation des Tours op\u00e9rateurs et voyagistes internationaux.<\/p>\n\n\n\n<p>La place privil\u00e9gi\u00e9e tenue par le Maroc dans le paysage des destinations \u00e0 visiter et \u00e0 potentiel sera, entre autres sujets, d\u00e9battue lors de la s\u00e9ance Pl\u00e9ni\u00e8re pr\u00e9vue durant le conclave de la FIJET plac\u00e9 sous le th\u00e8me : \u00abR\u00f4le de la presse et du digital dans le d\u00e9veloppement d\u2019une destination touristique\u00bb.<\/p>\n\n\n\n<p>D\u2019\u00e9minents experts nationaux et \u00e9trangers y interviendront, aux c\u00f4t\u00e9s des ex-ministres du Tourisme de Croatie et de Tunisie, en plus du Pr\u00e9sident de la FIJET.<\/p>\n\n\n\n<p>La tenue de cet \u00e9v\u00e9nement au Maroc contribuera certainement \u00e0 la promotion touristique du pays, car chaque journaliste, qu\u2019il soit de la presse \u00e9crite, \u00e9lectronique ou audio-visuelle, est tenu de d\u00e9crire sur son support le v\u00e9cu de son s\u00e9jour dans le pays h\u00f4te et d\u2019en d\u00e9montrer les points forts en termes de destination touristique.<\/p>\n\n\n\n<p>Une opportunit\u00e9 pour nous, journalistes marocains, de capitaliser sur cet \u00e9v\u00e9nement, dont l\u2019impact positif sera certainement multiple sur l\u2019image du Maroc.<\/p>\n\n\n\n<p>Cet \u00e9v\u00e8nement b\u00e9n\u00e9ficie, notamment, du soutien de l\u2019ONMT, des minist\u00e8res du Tourisme, de la Communication, et de la Culture ainsi que Tunis Air, Air Arabia,  de la Conf\u00e9d\u00e9ration nationale du Tourisme et d\u2019agences de voyages priv\u00e9es.<\/p>\n\n\n\n<p>Il b\u00e9n\u00e9ficie \u00e9galement de l\u2019appui du Conseil Pr\u00e9fectoral du tourisme de Mekn\u00e8s  ainsi que du Conseil R\u00e9gional du tourisme de F\u00e8s et de tous les professionnels du tourisme de la r\u00e9gion F\u00e8s \u2013 Mekn\u00e8s.<\/p>\n\n\n\n<p>A rappeler que la FIJET est une organisation pr\u00e9sente dans plus de 70 pays \u00e0 travers le monde, dont le Pr\u00e9sident M. Tijani Haddad, grand ami du Maroc, s\u2019est d\u00e9plac\u00e9 personnellement \u00e0 plusieurs reprises dans notre pays, au nom du bureau ex\u00e9cutif, et a pu constater que l\u2019antenne marocaine de la FIJET, \u00e0 savoir l\u2019AMJET, est une association bien impliqu\u00e9e dans la r\u00e9ussite de cet \u00e9v\u00e9nement de bout en bout. A preuve, cette derni\u00e8re a pu conclure auparavant avec plusieurs partenaires et sponsors, un tr\u00e8s beau programme comprenant rencontres, r\u00e9ceptions et visites de plusieurs villes (Casablanca, El Jadida, Marrakech, Rabat, Mekn\u00e8s, Tanger, T\u00e9touan et Chaouen). La couverture de presse qui s\u2019en \u00e9tait suivie \u00e9tait impressionnante.<\/p>\n","protected":false},"excerpt":{"rendered":"<p>Les journ\u00e9es Media Impact Days, organis\u00e9es le week-end du 17 au 19 janvier courant par le Conseil Provincial du Tourisme de Mekn\u00e8s visant la promotion de la destination, ont vu la mobilisation militante du collectif professionnel qui ambitionne un red\u00e9collage optimal du produit. Une action que le CPT Mekn\u00e8s entend partager avec les m\u00e9dias de<\/p>\n","protected":false},"author":2,"featured_media":5861,"comment_status":"open","ping_status":"open","sticky":false,"template":"","format":"standard","meta":{"footnotes":""},"categories":[6,112],"tags":[],"_links":{"self":[{"href":"https:\/\/visit-meknes.com\/fr\/wp-json\/wp\/v2\/posts\/6143"}],"collection":[{"href":"https:\/\/visit-meknes.com\/fr\/wp-json\/wp\/v2\/posts"}],"about":[{"href":"https:\/\/visit-meknes.com\/fr\/wp-json\/wp\/v2\/types\/post"}],"author":[{"embeddable":true,"href":"https:\/\/visit-meknes.com\/fr\/wp-json\/wp\/v2\/users\/2"}],"replies":[{"embeddable":true,"href":"https:\/\/visit-meknes.com\/fr\/wp-json\/wp\/v2\/comments?post=6143"}],"version-history":[{"count":1,"href":"https:\/\/visit-meknes.com\/fr\/wp-json\/wp\/v2\/posts\/6143\/revisions"}],"predecessor-version":[{"id":6144,"href":"https:\/\/visit-meknes.com\/fr\/wp-json\/wp\/v2\/posts\/6143\/revisions\/6144"}],"wp:featuredmedia":[{"embeddable":true,"href":"https:\/\/visit-meknes.com\/fr\/wp-json\/wp\/v2\/media\/5861"}],"wp:attachment":[{"href":"https:\/\/visit-meknes.com\/fr\/wp-json\/wp\/v2\/media?parent=6143"}],"wp:term":[{"taxonomy":"category","embeddable":true,"href":"https:\/\/visit-meknes.com\/fr\/wp-json\/wp\/v2\/categories?post=6143"},{"taxonomy":"post_tag","embeddable":true,"href":"https:\/\/visit-meknes.com\/fr\/wp-json\/wp\/v2\/tags?post=6143"}],"curies":[{"name":"wp","href":"https:\/\/api.w.org\/{rel}","templated":true}]}}