{"id":6127,"date":"2020-01-13T20:18:24","date_gmt":"2020-01-13T20:18:24","guid":{"rendered":"https:\/\/visit-meknes.com\/fr\/?p=6127"},"modified":"2020-01-13T20:18:26","modified_gmt":"2020-01-13T20:18:26","slug":"creation-de-lassociation-regionale-des-proprietaires-des-riads-et-maisons-dhotes-touristiques-de-la-region-fes-meknes","status":"publish","type":"post","link":"https:\/\/visit-meknes.com\/fr\/creation-de-lassociation-regionale-des-proprietaires-des-riads-et-maisons-dhotes-touristiques-de-la-region-fes-meknes\/","title":{"rendered":"Cr\u00e9ation de l\u2019Association R\u00e9gionale des propri\u00e9taires des Riads et Maisons d\u2019H\u00f4tes Touristiques de la R\u00e9gion F\u00e8s \/ Meknes"},"content":{"rendered":"\n<p><strong>R\u00e9unis Le Jeudi 9 Janvier 2020 au si\u00e8ge du C.R.T.\/ F\u00c8S, une trentaine de propri\u00e9taires de Riads et Maisons d&rsquo;H\u00f4tes touristiques ont act\u00e9 la naissance de l&rsquo;Association des Riads et Maisons d&rsquo;H\u00f4tes touristiques de la R\u00e9gion F\u00e8s \/ Meknes.<\/strong><\/p>\n\n\n\n<p>Une avanc\u00e9e pour les professionnels de ces \u00e9tablissements d&rsquo;h\u00e9bergement de plus en plus pris\u00e9 par les touristes.<br> Soucieux de rattrapper \u013ae temps perdu ces derni\u00e8res ann\u00e9es, les professionnels ont discut\u00e9 dans une totale franchise et sans hypocrisie des maux qui emp\u00eachent \u013ae secteur de se d\u00e9velopper comme ils l&rsquo;entendent. Les interventions, jug\u00e9es parfois intempestives, n&rsquo;ont pas emp\u00each\u00e9 l&rsquo;assistance de se mettre imm\u00e9diatement au travail, en jetant les bases d&rsquo;un planning permettant au secteur de se structurer et de s&rsquo;imposer en tant que levier agissant du Tourisme r\u00e9gional.<\/p>\n\n\n\n<p>\u00c9lu pour un mandat de 3 ans \u00e0 la t\u00eate ds cette association , Rachid Si Azami declare vouloir agir dans un nouveau cadre associatif, s&rsquo;appuyant sur une ouvelle mani\u00e8re de faire et une nouvelle vision pour rassem bler tous les professionnels du secteur sans exclusion aucune&#8230;<\/p>\n\n\n\n<p>Le nouveau president, soutenu par les membres de son comit\u00e9, une equipe de jeunes et de v\u00e9t\u00e9rans, veut faire de l&rsquo;Association une force de proposition mais aussi de pression pour amener la l\u00e9gislation \u00e0 participer \u00e0 la r\u00e9organisation d&rsquo;un secteur ou r\u00e8gne parfois le chaos, agir en collaboration avec les autorit\u00e9s habilit\u00e9es \u00e0 restructurer le secteur des Maisons d&rsquo;H\u00f4tes, sensibiliser les jeunes et les encourager \u00e0 cr\u00e9er leur PME dans le secteur, la participation \u00e0 la promotion de la destination F\u00e8s \/ Meknes, mener des campagnes de sensibilisation sur l&rsquo;importance du secteur touristique et le r\u00f4le qu&rsquo;il joue dans le tissu social,, la participation \u00e0 la commercialisation de la desti nation r\u00e9gionale , tenir compte de la r\u00e9novation de la m\u00e9dina et de la r\u00e9habilitation de 27 monuments gr\u00e2ce \u00e0 la sollicitude royale. , autrement dit donner l&rsquo;importance qu&rsquo;il m\u00e9rite au tourisme du patrimoine mais aussi \u00e0 l&rsquo;animation intra-muros.<\/p>\n\n\n\n<p>En <a href=\"http:\/\/visitefes.com\/wp-content\/uploads\/2020\/01\/F\u00e8s_Mekn\u00e8s-1.pdf\" target=\"_blank\" rel=\"noreferrer noopener\">PDF1 <\/a>\/ <a href=\"http:\/\/visitefes.com\/wp-content\/uploads\/2020\/01\/F\u00e8s_Mekn\u00e8s-2.pdf\" target=\"_blank\" rel=\"noreferrer noopener\">PDF2<\/a><\/p>\n\n\n\n<p><strong>Mustapha Bettache&nbsp;<\/strong><\/p>\n","protected":false},"excerpt":{"rendered":"<p>R\u00e9unis Le Jeudi 9 Janvier 2020 au si\u00e8ge du C.R.T.\/ F\u00c8S, une trentaine de propri\u00e9taires de Riads et Maisons d&rsquo;H\u00f4tes touristiques ont act\u00e9 la naissance de l&rsquo;Association des Riads et Maisons d&rsquo;H\u00f4tes touristiques de la R\u00e9gion F\u00e8s \/ Meknes. Une avanc\u00e9e pour les professionnels de ces \u00e9tablissements d&rsquo;h\u00e9bergement de plus en plus pris\u00e9 par les<\/p>\n","protected":false},"author":2,"featured_media":6129,"comment_status":"open","ping_status":"open","sticky":false,"template":"","format":"standard","meta":{"footnotes":""},"categories":[6],"tags":[],"_links":{"self":[{"href":"https:\/\/visit-meknes.com\/fr\/wp-json\/wp\/v2\/posts\/6127"}],"collection":[{"href":"https:\/\/visit-meknes.com\/fr\/wp-json\/wp\/v2\/posts"}],"about":[{"href":"https:\/\/visit-meknes.com\/fr\/wp-json\/wp\/v2\/types\/post"}],"author":[{"embeddable":true,"href":"https:\/\/visit-meknes.com\/fr\/wp-json\/wp\/v2\/users\/2"}],"replies":[{"embeddable":true,"href":"https:\/\/visit-meknes.com\/fr\/wp-json\/wp\/v2\/comments?post=6127"}],"version-history":[{"count":1,"href":"https:\/\/visit-meknes.com\/fr\/wp-json\/wp\/v2\/posts\/6127\/revisions"}],"predecessor-version":[{"id":6130,"href":"https:\/\/visit-meknes.com\/fr\/wp-json\/wp\/v2\/posts\/6127\/revisions\/6130"}],"wp:featuredmedia":[{"embeddable":true,"href":"https:\/\/visit-meknes.com\/fr\/wp-json\/wp\/v2\/media\/6129"}],"wp:attachment":[{"href":"https:\/\/visit-meknes.com\/fr\/wp-json\/wp\/v2\/media?parent=6127"}],"wp:term":[{"taxonomy":"category","embeddable":true,"href":"https:\/\/visit-meknes.com\/fr\/wp-json\/wp\/v2\/categories?post=6127"},{"taxonomy":"post_tag","embeddable":true,"href":"https:\/\/visit-meknes.com\/fr\/wp-json\/wp\/v2\/tags?post=6127"}],"curies":[{"name":"wp","href":"https:\/\/api.w.org\/{rel}","templated":true}]}}