{"id":6121,"date":"2020-01-11T21:38:46","date_gmt":"2020-01-11T21:38:46","guid":{"rendered":"https:\/\/visit-meknes.com\/fr\/?p=6121"},"modified":"2020-01-11T21:38:48","modified_gmt":"2020-01-11T21:38:48","slug":"fes-meknes-les-proprietaires-des-riads-creent-leur-association","status":"publish","type":"post","link":"https:\/\/visit-meknes.com\/fr\/fes-meknes-les-proprietaires-des-riads-creent-leur-association\/","title":{"rendered":"F\u00e8s-Mekn\u00e8s: Les propri\u00e9taires des riads cr\u00e9ent leur association"},"content":{"rendered":"\n<p>\u201cF\u00e9d\u00e9rer les propri\u00e9taires des riads de la r\u00e9gion F\u00e8s-Mekn\u00e8s, organiser le secteur, et instaurer une v\u00e9ritable d\u00e9marche qualit\u00e9 \u00e0 l\u2019accueil et aux services des touristes\u201d. Tels sont les projets de Rachid El Azami, \u00e9lu hier jeudi 9 janvier 2020, \u00e0 la t\u00eate de l\u2019Association r\u00e9gionale des riads touristiques et maisons d\u2019h\u00f4tes de F\u00e8s-Mekn\u00e8s.<\/p>\n\n\n\n<p>\u201cNotre association, qui compte une trentaine de professionnels de la r\u00e9gion, se veut une force proposition pour la cr\u00e9ation d\u2019un cadre l\u00e9gal pour les propri\u00e9taires des riads touristiques, la promotion du produit culturel et historique, ainsi que la sensibilisation des acteurs quant \u00e0 la qualit\u00e9 des prestations\u201d. Agissant en parfaite collaboration avec les autorit\u00e9s locales et \u00e9lues, la nouvelle entit\u00e9 travaillera aussi sur des programmes de formation pour les ressources humaines, l\u2019insertion des jeunes, et la participation \u00e0 la cr\u00e9ation d\u2019un cadre institutionnel l\u00e9gal.<\/p>\n\n\n\n<p>\u201cDe cette mani\u00e8re, l\u2019on pourrait hisser l\u2019image de notre destination et lutter contre les maux qui guettent le secteur\u201d, souligne El Azami. L\u2019une de ses premi\u00e8res actions \u00e0 la t\u00eate de l\u2019association sera de promouvoir les maisons de charme lors du salon international du tourisme, Fitur, pr\u00e9vu du 22 au 26 janvier \u00e0 Madrid.<\/p>\n\n\n\n<figure class=\"wp-block-image is-resized\"><img loading=\"lazy\" decoding=\"async\" src=\"https:\/\/www.leconomiste.com\/sites\/all\/themes\/eco7_vf\/images\/logo_leconomiste_18.png\" alt=\"Leconomiste.com - Le premier quotidien \u00e9conomique du Maroc\" width=\"207\" height=\"32\"\/><\/figure>\n","protected":false},"excerpt":{"rendered":"<p>\u201cF\u00e9d\u00e9rer les propri\u00e9taires des riads de la r\u00e9gion F\u00e8s-Mekn\u00e8s, organiser le secteur, et instaurer une v\u00e9ritable d\u00e9marche qualit\u00e9 \u00e0 l\u2019accueil et aux services des touristes\u201d. Tels sont les projets de Rachid El Azami, \u00e9lu hier jeudi 9 janvier 2020, \u00e0 la t\u00eate de l\u2019Association r\u00e9gionale des riads touristiques et maisons d\u2019h\u00f4tes de F\u00e8s-Mekn\u00e8s. \u201cNotre association,<\/p>\n","protected":false},"author":2,"featured_media":6122,"comment_status":"open","ping_status":"open","sticky":false,"template":"","format":"standard","meta":{"footnotes":""},"categories":[6,112],"tags":[],"_links":{"self":[{"href":"https:\/\/visit-meknes.com\/fr\/wp-json\/wp\/v2\/posts\/6121"}],"collection":[{"href":"https:\/\/visit-meknes.com\/fr\/wp-json\/wp\/v2\/posts"}],"about":[{"href":"https:\/\/visit-meknes.com\/fr\/wp-json\/wp\/v2\/types\/post"}],"author":[{"embeddable":true,"href":"https:\/\/visit-meknes.com\/fr\/wp-json\/wp\/v2\/users\/2"}],"replies":[{"embeddable":true,"href":"https:\/\/visit-meknes.com\/fr\/wp-json\/wp\/v2\/comments?post=6121"}],"version-history":[{"count":1,"href":"https:\/\/visit-meknes.com\/fr\/wp-json\/wp\/v2\/posts\/6121\/revisions"}],"predecessor-version":[{"id":6123,"href":"https:\/\/visit-meknes.com\/fr\/wp-json\/wp\/v2\/posts\/6121\/revisions\/6123"}],"wp:featuredmedia":[{"embeddable":true,"href":"https:\/\/visit-meknes.com\/fr\/wp-json\/wp\/v2\/media\/6122"}],"wp:attachment":[{"href":"https:\/\/visit-meknes.com\/fr\/wp-json\/wp\/v2\/media?parent=6121"}],"wp:term":[{"taxonomy":"category","embeddable":true,"href":"https:\/\/visit-meknes.com\/fr\/wp-json\/wp\/v2\/categories?post=6121"},{"taxonomy":"post_tag","embeddable":true,"href":"https:\/\/visit-meknes.com\/fr\/wp-json\/wp\/v2\/tags?post=6121"}],"curies":[{"name":"wp","href":"https:\/\/api.w.org\/{rel}","templated":true}]}}