{"id":5813,"date":"2019-12-13T12:23:17","date_gmt":"2019-12-13T12:23:17","guid":{"rendered":"http:\/\/visit-meknes.com\/fr\/?p=5813"},"modified":"2019-12-14T12:25:22","modified_gmt":"2019-12-14T12:25:22","slug":"iberia-lance-une-nouvelle-ligne-aerienne-entre-madrid-et-fes","status":"publish","type":"post","link":"https:\/\/visit-meknes.com\/fr\/iberia-lance-une-nouvelle-ligne-aerienne-entre-madrid-et-fes\/","title":{"rendered":"Iberia lance une nouvelle ligne a\u00e9rienne entre Madrid et F\u00e8s"},"content":{"rendered":"\n<p>La compagnie a\u00e9rienne espagnole Iberia a annonc\u00e9 le lancement, l&rsquo;\u00e9t\u00e9 prochain, d&rsquo;une nouvelle ligne a\u00e9rienne reliant la capitale espagnole \u00e0 la ville de F\u00e8s. La nouvelle desserte a\u00e9rienne sera op\u00e9r\u00e9e par Iberia, pendant cinq semaines \u00e0 partir du 28 juillet prochain, \u00e0 raison d&rsquo;une fr\u00e9quence de quatre vols par semaine le mardi, mercredi, jeudi et samedi, pr\u00e9cise la compagnie a\u00e9rienne.<\/p>\n\n\n\n<p>A travers cette nouvelle ligne, Iberia renforce son engagement au Maroc en proposant des vols vers quatre destinations: Marrakech, Casablanca, Tanger et d\u00e9sormais F\u00e8s<\/p>\n\n\n\n<p>. Cette nouvelle desserte a\u00e9rienne sera desservie par deux Airbus A319 et A320, d&rsquo;une capacit\u00e9 de 141 \u00e0 180 passagers, poursuit la m\u00eame source. La compagnie a\u00e9rienne espagnole proposera en 2020 d&rsquo;autres liaisons au d\u00e9part de Madrid vers Ljubljana (Slov\u00e9nie), le Caire et Washington.<\/p>\n\n\n\n<figure class=\"wp-block-image is-resized\"><img loading=\"lazy\" decoding=\"async\" src=\"https:\/\/leconomiste.com\/sites\/all\/themes\/eco7_vf\/images\/logo_leconomiste_18.png\" alt=\"Leconomiste.com - Le premier quotidien \u00e9conomique du Maroc\" width=\"171\" height=\"26\"\/><\/figure>\n","protected":false},"excerpt":{"rendered":"<p>La compagnie a\u00e9rienne espagnole Iberia a annonc\u00e9 le lancement, l&rsquo;\u00e9t\u00e9 prochain, d&rsquo;une nouvelle ligne a\u00e9rienne reliant la capitale espagnole \u00e0 la ville de F\u00e8s. La nouvelle desserte a\u00e9rienne sera op\u00e9r\u00e9e par Iberia, pendant cinq semaines \u00e0 partir du 28 juillet prochain, \u00e0 raison d&rsquo;une fr\u00e9quence de quatre vols par semaine le mardi, mercredi, jeudi et<\/p>\n","protected":false},"author":2,"featured_media":5814,"comment_status":"open","ping_status":"open","sticky":false,"template":"","format":"standard","meta":{"footnotes":""},"categories":[6],"tags":[],"_links":{"self":[{"href":"https:\/\/visit-meknes.com\/fr\/wp-json\/wp\/v2\/posts\/5813"}],"collection":[{"href":"https:\/\/visit-meknes.com\/fr\/wp-json\/wp\/v2\/posts"}],"about":[{"href":"https:\/\/visit-meknes.com\/fr\/wp-json\/wp\/v2\/types\/post"}],"author":[{"embeddable":true,"href":"https:\/\/visit-meknes.com\/fr\/wp-json\/wp\/v2\/users\/2"}],"replies":[{"embeddable":true,"href":"https:\/\/visit-meknes.com\/fr\/wp-json\/wp\/v2\/comments?post=5813"}],"version-history":[{"count":1,"href":"https:\/\/visit-meknes.com\/fr\/wp-json\/wp\/v2\/posts\/5813\/revisions"}],"predecessor-version":[{"id":5815,"href":"https:\/\/visit-meknes.com\/fr\/wp-json\/wp\/v2\/posts\/5813\/revisions\/5815"}],"wp:featuredmedia":[{"embeddable":true,"href":"https:\/\/visit-meknes.com\/fr\/wp-json\/wp\/v2\/media\/5814"}],"wp:attachment":[{"href":"https:\/\/visit-meknes.com\/fr\/wp-json\/wp\/v2\/media?parent=5813"}],"wp:term":[{"taxonomy":"category","embeddable":true,"href":"https:\/\/visit-meknes.com\/fr\/wp-json\/wp\/v2\/categories?post=5813"},{"taxonomy":"post_tag","embeddable":true,"href":"https:\/\/visit-meknes.com\/fr\/wp-json\/wp\/v2\/tags?post=5813"}],"curies":[{"name":"wp","href":"https:\/\/api.w.org\/{rel}","templated":true}]}}