{"id":5810,"date":"2019-12-12T21:14:41","date_gmt":"2019-12-12T21:14:41","guid":{"rendered":"http:\/\/visit-meknes.com\/fr\/?p=5810"},"modified":"2019-12-13T21:18:10","modified_gmt":"2019-12-13T21:18:10","slug":"fes-accueillera-le-1er-salon-national-de-la-poterie-et-du-zellij-artisanal","status":"publish","type":"post","link":"https:\/\/visit-meknes.com\/fr\/fes-accueillera-le-1er-salon-national-de-la-poterie-et-du-zellij-artisanal\/","title":{"rendered":"F\u00e8s accueillera le 1er Salon national de la Poterie et du Zellij artisanal"},"content":{"rendered":"\n<p>Le premier Salon national de la poterie et du Zellij artisanal aura lieu du 20 au 29 d\u00e9cembre 2019 \u00e0 l\u2019espace Champs de Course au centre de la ville de F\u00e8s. Organis\u00e9 \u00e0 l\u2019initiative la Chambre d\u2019Artisanat de la R\u00e9gion F\u00e8s-Mekn\u00e8s en partenariat avec le Minist\u00e8re du Tourisme, de l&rsquo;Artisanat, du Transport A\u00e9rien et de l&rsquo;\u00c9conomie Sociale, le Conseil de la R\u00e9gion F\u00e8s -Mekn\u00e8s, la Commune de F\u00e8s, le Conseil Pr\u00e9fectoral de F\u00e8s et en collaboration avec la Direction R\u00e9gionale d\u2019Artisanat \u00e0 F\u00e8s, la 1e \u00e9dition d\u00e9battra  du th\u00e8me \u00ab Le secteur de la Poterie et du Zellij artisanal, une contribution ind\u00e9niable \u00e0 l\u2019\u00e9cosyst\u00e8me national\u00bb.  Objectif : valoriser les produits de la Poterie et du Zellij, faire conna\u00eetre ses m\u00e9tiers au public, promouvoir la commercialisation de ses produits et \u00e0 dynamiser les \u00e9changes d\u2019id\u00e9es et d\u2019exp\u00e9riences entre les professionnels de la fili\u00e8re. Elle sera \u00e9galement une occasion pour sensibiliser les artisans sur les d\u00e9fis environnementaux li\u00e9s \u00e0 l\u2019exploitation de l\u2019argile.<\/p>\n\n\n\n<p>Ce salon qui s&rsquo;\u00e9tendra sur une superficie de plus de 4.000 m\u00b2, conna\u00eetra la participation de plus 120 exposants professionnels, dont des artisans, des petites et moyennes entreprises, des coop\u00e9ratives professionnelles et des acteurs sp\u00e9cialis\u00e9s dans les \u00e9quipements de travail de la Poterie et du Zellij artisanal. Plusieurs personnalit\u00e9s tr\u00e8s connues \u00e0 l\u2019\u00e9chelle r\u00e9gionale et nationale vont \u00e9galement prendre part \u00e0 ce grand rendez-vous.<\/p>\n\n\n\n<p>La pr\u00e9sente \u00e9dition sera compos\u00e9e de plusieurs espaces dont un espace de commercialisation, un autre pour les produits des laur\u00e9ats des \u00e9tablissements de formation professionnelle dans les m\u00e9tiers de l\u2019artisanat, un espace pour les produits d\u2019antiquit\u00e9 et un espace aux \u00e9quipements techniques en relation avec la fabrication des produits en poterie et en c\u00e9ramique. Le salon regroupera \u00e9galement un espace d\u00e9di\u00e9 aux institutions partenaires et autre pour les enfants.<\/p>\n\n\n\n<p>Cette \u00e9dition sera marqu\u00e9e par l\u2019organisation et la tenue de plusieurs s\u00e9minaires et tables rondes, qui seront anim\u00e9es par des chercheurs et des sp\u00e9cialistes en poterie. En parall\u00e8le, plusieurs s\u00e9ances de formation seront organis\u00e9es en faveur des artisans pour am\u00e9liorer leurs capacit\u00e9s et \u00e9largir leurs connaissances dans le domaine.<\/p>\n\n\n\n<p>Le volet animation sera au rendez-vous tout au long du salon par des troupes folkloriques marocaines.<\/p>\n\n\n\n<p>Le salon va \u00e9galement \u00eatre une occasion pour rendre hommage aux meilleurs ma\u00eetres-artisans qui ont laiss\u00e9 une empreinte dans ce domaine.<\/p>\n","protected":false},"excerpt":{"rendered":"<p>Le premier Salon national de la poterie et du Zellij artisanal aura lieu du 20 au 29 d\u00e9cembre 2019 \u00e0 l\u2019espace Champs de Course au centre de la ville de F\u00e8s. Organis\u00e9 \u00e0 l\u2019initiative la Chambre d\u2019Artisanat de la R\u00e9gion F\u00e8s-Mekn\u00e8s en partenariat avec le Minist\u00e8re du Tourisme, de l&rsquo;Artisanat, du Transport A\u00e9rien et de<\/p>\n","protected":false},"author":2,"featured_media":5811,"comment_status":"open","ping_status":"open","sticky":false,"template":"","format":"standard","meta":{"footnotes":""},"categories":[6],"tags":[],"_links":{"self":[{"href":"https:\/\/visit-meknes.com\/fr\/wp-json\/wp\/v2\/posts\/5810"}],"collection":[{"href":"https:\/\/visit-meknes.com\/fr\/wp-json\/wp\/v2\/posts"}],"about":[{"href":"https:\/\/visit-meknes.com\/fr\/wp-json\/wp\/v2\/types\/post"}],"author":[{"embeddable":true,"href":"https:\/\/visit-meknes.com\/fr\/wp-json\/wp\/v2\/users\/2"}],"replies":[{"embeddable":true,"href":"https:\/\/visit-meknes.com\/fr\/wp-json\/wp\/v2\/comments?post=5810"}],"version-history":[{"count":1,"href":"https:\/\/visit-meknes.com\/fr\/wp-json\/wp\/v2\/posts\/5810\/revisions"}],"predecessor-version":[{"id":5812,"href":"https:\/\/visit-meknes.com\/fr\/wp-json\/wp\/v2\/posts\/5810\/revisions\/5812"}],"wp:featuredmedia":[{"embeddable":true,"href":"https:\/\/visit-meknes.com\/fr\/wp-json\/wp\/v2\/media\/5811"}],"wp:attachment":[{"href":"https:\/\/visit-meknes.com\/fr\/wp-json\/wp\/v2\/media?parent=5810"}],"wp:term":[{"taxonomy":"category","embeddable":true,"href":"https:\/\/visit-meknes.com\/fr\/wp-json\/wp\/v2\/categories?post=5810"},{"taxonomy":"post_tag","embeddable":true,"href":"https:\/\/visit-meknes.com\/fr\/wp-json\/wp\/v2\/tags?post=5810"}],"curies":[{"name":"wp","href":"https:\/\/api.w.org\/{rel}","templated":true}]}}