{"id":5801,"date":"2019-12-05T23:03:07","date_gmt":"2019-12-05T23:03:07","guid":{"rendered":"http:\/\/visit-meknes.com\/fr\/?p=5801"},"modified":"2019-12-08T13:04:11","modified_gmt":"2019-12-08T13:04:11","slug":"fes-meknes-la-ccis-tient-son-forum-economique","status":"publish","type":"post","link":"https:\/\/visit-meknes.com\/fr\/fes-meknes-la-ccis-tient-son-forum-economique\/","title":{"rendered":"F\u00e8s-Mekn\u00e8s: La CCIS tient son forum \u00e9conomique"},"content":{"rendered":"\n<p>Et de trois pour le \u00abF\u00e8s-Mekn\u00e8s Economic Forum\u00bb. Initi\u00e9 par la Chambre de commerce, d\u2019industrie et de services (CCIS- F\u00e8s-Mekn\u00e8s), l\u2019\u00e9v\u00e9nement, qui se tiendra du 4 au 6 d\u00e9cembre, s\u2019inscrit dans l\u2019agenda 2030 du d\u00e9veloppement durable adopt\u00e9 par les Nations unies. \u00abL\u2019ambition \u00e0 l\u2019international de notre forum est de nouer des partenariats afin de participer \u00e0 la mise en \u0153uvre de l\u2019objectif 2030\u00bb, souligne Badr Tahiri, pr\u00e9sident de la CCIS F\u00e8s-Mekn\u00e8s.<\/p>\n\n\n\n<p>Consid\u00e9r\u00e9 comme l\u2019\u00e9v\u00e9nement phare du business au niveau r\u00e9gional, le forum \u00e9conomique de cette ann\u00e9e r\u00e9unira des d\u00e9cideurs r\u00e9gionaux et nationaux, diplomates, op\u00e9rateurs, partenaires \u00e9trangers, institutions internationales et bailleurs de fonds.<\/p>\n\n\n\n<p>L\u2019objectif est de cr\u00e9er un espace d\u2019\u00e9change et de r\u00e9seautage propice au d\u00e9bat des strat\u00e9gies nationales de d\u00e9veloppement et leurs d\u00e9clinaisons r\u00e9gionales. Organis\u00e9e par la fondation Forum \u00e9conomique F\u00e8s-Mekn\u00e8s, sous le th\u00e8me \u00abdes partenariats innovants, des synergies de croissance\u00bb, cette manifestation positionne la CCIS comme acteur incontournable dans le d\u00e9veloppement \u00e9conomique r\u00e9gional.<\/p>\n\n\n\n<p>Pour rappel, les \u00e9ditions 2017 et 2018 avaient r\u00e9uni plus de 1.000 op\u00e9rateurs nationaux et \u00e9trangers, en pr\u00e9sence notamment de Sa\u00e2deddine El Othmani, Mohamed Boussa\u00efd et Moulay Hafid Elalamy, respectivement chef du gouvernement et ministres des Finances et de l\u2019Industrie. Ce dernier avait promis de redonner vie \u00e0 l\u2019ancien fleuron du textile, le Cotef. Et deux ans plus tard, l\u2019ex-Cotef est en passe de devenir une zone industrielle, dont le premier locataire n\u2019est autre que \u00abCabliance Alstom\u00bb.<\/p>\n\n\n\n<p>En outre, l\u2019\u00e9dition 2018 a permis de r\u00e9v\u00e9ler le potentiel de la r\u00e9gion et diagnostiquer les secteurs porteurs. Celle de 2019 devrait activer les leviers de d\u00e9veloppement et passer \u00e0 l\u2019action. Plus de 1.000 op\u00e9rateurs marocains et \u00e9trangers ont confirm\u00e9 leur participation.<\/p>\n\n\n\n<p>\u00abNous voulons participer \u00e0 l\u2019esquisse des mod\u00e8les de d\u00e9veloppement innovants qui puissent r\u00e9pondre aux aspirations des citoyens et assurer une v\u00e9ritable croissance, inclusive et p\u00e9renne\u00bb, indiquent les responsables de la CCIS F\u00e8s-Mekn\u00e8s. Parall\u00e8lement \u00e0 cet \u00e9v\u00e9nement, se tiendra la 45e\u00abAssembl\u00e9e g\u00e9n\u00e9rale de la Conf\u00e9rence permanente des chambres consulaires africains et francophones\u00bb (CPCCAF).<\/p>\n\n\n\n<p>Y prendront part, des pr\u00e9sidents des chambres professionnelles, des hommes d\u2019affaires, ainsi que des responsables territoriaux de l\u2019espace de la francophonie en provenance de 33 pays. L\u2019objectif est de taille: \u00abexplorer les opportunit\u00e9s du march\u00e9 de la francophonie qui repr\u00e9sente pr\u00e8s de 14% de la population mondiale, 14% du revenu national brut mondial et 20% des \u00e9changes mondiaux de marchandises\u00bb.<\/p>\n\n\n\n<p>A noter enfin que la 3e \u00e9dition de la Conf\u00e9rence \u00abWe Afri Can\u00bb se tiendra \u00e9galement en marge de Fes-Meknes Economic Forum. Organis\u00e9 en partenariat avec la CPCCAF, cet \u00e9v\u00e8nement de r\u00e9f\u00e9rence est plac\u00e9 sous la th\u00e9matique \u00abLe temps d\u2019une Afrique en action\u00bb.<\/p>\n\n\n\n<blockquote class=\"wp-block-quote is-layout-flow wp-block-quote-is-layout-flow\"><p><strong>Rencontre des villes jumelles aussi<\/strong><\/p><p>En m\u00eame temps se d\u00e9roulera la 7e Rencontre des villes jumel\u00e9es et amies de la ville de F\u00e8s. Initi\u00e9e sous le th\u00e8me \u00abLes conseils des villes, des locomotives pour les partenariats innovants et le d\u00e9veloppement durable\u00bb, cette manifestation accueillera de nombreuses d\u00e9l\u00e9gations des responsables des villes \u00abjumel\u00e9es\u00bb accompagn\u00e9es de businessmen. F\u00e8s compte une trentaine de jumelages et de partenariats avec des villes des quatre coins du monde (Barcelone, Florence, Saint-Louis, Cordoba, Lahore, Marseille, Montpellier, Aix-les-Bains, Saint-Etienne, Strasbourg\u2026). La coop\u00e9ration vise, en gros, l\u2019am\u00e9lioration de la gestion communale, notamment le traitement des ordures, le d\u00e9placement urbain, l\u2019environnement, la conservation des archives, la promotion de la ville et l\u2019animation culturelle.<\/p><\/blockquote>\n\n\n\n<figure class=\"wp-block-image is-resized\"><img loading=\"lazy\" decoding=\"async\" src=\"https:\/\/leconomiste.com\/sites\/all\/themes\/eco7_vf\/images\/logo_leconomiste_18.png\" alt=\"Leconomiste.com - Le premier quotidien \u00e9conomique du Maroc\" width=\"194\" height=\"30\"\/><\/figure>\n","protected":false},"excerpt":{"rendered":"<p>Et de trois pour le \u00abF\u00e8s-Mekn\u00e8s Economic Forum\u00bb. Initi\u00e9 par la Chambre de commerce, d\u2019industrie et de services (CCIS- F\u00e8s-Mekn\u00e8s), l\u2019\u00e9v\u00e9nement, qui se tiendra du 4 au 6 d\u00e9cembre, s\u2019inscrit dans l\u2019agenda 2030 du d\u00e9veloppement durable adopt\u00e9 par les Nations unies. \u00abL\u2019ambition \u00e0 l\u2019international de notre forum est de nouer des partenariats afin de participer<\/p>\n","protected":false},"author":2,"featured_media":5807,"comment_status":"open","ping_status":"open","sticky":false,"template":"","format":"standard","meta":{"footnotes":""},"categories":[6],"tags":[],"_links":{"self":[{"href":"https:\/\/visit-meknes.com\/fr\/wp-json\/wp\/v2\/posts\/5801"}],"collection":[{"href":"https:\/\/visit-meknes.com\/fr\/wp-json\/wp\/v2\/posts"}],"about":[{"href":"https:\/\/visit-meknes.com\/fr\/wp-json\/wp\/v2\/types\/post"}],"author":[{"embeddable":true,"href":"https:\/\/visit-meknes.com\/fr\/wp-json\/wp\/v2\/users\/2"}],"replies":[{"embeddable":true,"href":"https:\/\/visit-meknes.com\/fr\/wp-json\/wp\/v2\/comments?post=5801"}],"version-history":[{"count":1,"href":"https:\/\/visit-meknes.com\/fr\/wp-json\/wp\/v2\/posts\/5801\/revisions"}],"predecessor-version":[{"id":5803,"href":"https:\/\/visit-meknes.com\/fr\/wp-json\/wp\/v2\/posts\/5801\/revisions\/5803"}],"wp:featuredmedia":[{"embeddable":true,"href":"https:\/\/visit-meknes.com\/fr\/wp-json\/wp\/v2\/media\/5807"}],"wp:attachment":[{"href":"https:\/\/visit-meknes.com\/fr\/wp-json\/wp\/v2\/media?parent=5801"}],"wp:term":[{"taxonomy":"category","embeddable":true,"href":"https:\/\/visit-meknes.com\/fr\/wp-json\/wp\/v2\/categories?post=5801"},{"taxonomy":"post_tag","embeddable":true,"href":"https:\/\/visit-meknes.com\/fr\/wp-json\/wp\/v2\/tags?post=5801"}],"curies":[{"name":"wp","href":"https:\/\/api.w.org\/{rel}","templated":true}]}}