{"id":5798,"date":"2019-12-03T22:25:28","date_gmt":"2019-12-03T22:25:28","guid":{"rendered":"http:\/\/visit-meknes.com\/fr\/?p=5798"},"modified":"2019-12-03T22:25:30","modified_gmt":"2019-12-03T22:25:30","slug":"tourisme-la-cite-ismaelienne-voit-grand","status":"publish","type":"post","link":"https:\/\/visit-meknes.com\/fr\/tourisme-la-cite-ismaelienne-voit-grand\/","title":{"rendered":"Tourisme : La cit\u00e9 isma\u00e9lienne voit grand"},"content":{"rendered":"\n<p>La 4e \u00e9dition du Forum international du tourisme de Mekn\u00e8s (FITAM) s\u2019est tenue, du 28 au 30 novembre, avec comme ambition de r\u00e9fl\u00e9chir aux moyens ad\u00e9quats pour faire de la cit\u00e9 imp\u00e9riale une destination touristique de choix. Plac\u00e9 sous le Haut Patronage de S.M. Le Roi Mohammed VI, ce forum a \u00e9t\u00e9 initi\u00e9 par l\u2019Association Grande Isma\u00eflia, avec le soutien d\u2019autres partenaires institutionnels et priv\u00e9s. Le Forum a constitu\u00e9 une plateforme de d\u00e9bats et d\u2019\u00e9changes autour des d\u00e9fis du secteur touristique et des moyens de mobilisation des forces vives de la r\u00e9gion pour les relever.<\/p>\n\n\n\n<p>Quatre th\u00e8mes ont \u00e9t\u00e9 trait\u00e9s lors de cet \u00e9v\u00e9nement, \u00e0 savoir le programme de r\u00e9habilitation et de valorisation touristique de l\u2019ancienne M\u00e9dina de Mekn\u00e8s, l\u2019exploration du potentiel touristique rural et de nature (l\u2019agrotourisme), le digital au service de l\u2019attraction touristique et la formation du capital humain et d\u00e9veloppement.<\/p>\n\n\n\n<p>Lors de s\u00e9ance de cl\u00f4ture, Nadia Fettah Alaoui, ministre du Tourisme, de l\u2019artisanat, du transport a\u00e9rien et de l\u2019\u00e9conomie sociale, a assur\u00e9 que le patrimoine mat\u00e9riel et immat\u00e9riel de Mekn\u00e8s, son arri\u00e8re-pays, ses multiples sites et sa civilisation mill\u00e9naire sont autant d\u2019atouts qui ne peuvent que hisser le produit culturel de la destination et contribuer \u00e0 l\u2019am\u00e9lioration de l\u2019attractivit\u00e9 touristique de la r\u00e9gion. \u00abLa r\u00e9ussite du programme de r\u00e9habilitation du patrimoine et la diversification du produit et de l\u2019offre touristique requi\u00e8rent une r\u00e9elle mobilisation de l\u2019ensemble des acteurs institutionnels, des professionnels du tourisme et de la soci\u00e9t\u00e9 civile\u00bb, a-t-elle indiqu\u00e9.<\/p>\n\n\n\n<p>Pour le pr\u00e9sident du Conseil pr\u00e9fectoral du tourisme (CPT) de Mekn\u00e8s, Adil Terrab, ce Forum est une tribune de d\u00e9bats, de diagnostic et de sensibilisation de tous les intervenants dans le secteur touristique, afin de m\u00e9diatiser la ville de Mekn\u00e8s et lui rendre sa juste valeur culturelle et historique en tant que patrimoine mondial de l\u2019UNESCO depuis 1996. Il a d\u00e9plor\u00e9 le fait que Mekn\u00e8s, malgr\u00e9 son riche patrimoine historique et culturel, ne constitue pas encore une destination touristique attractive, soulignant que le FITAM est une opportunit\u00e9 pour mettre en relief d\u2019autres qualit\u00e9s et atouts de la cit\u00e9 isma\u00e9lienne dont l\u2019agrotourisme, les produits du terroir et le tourisme sportif et de montagnes. Il a ensuite insist\u00e9 sur la n\u00e9cessit\u00e9 d\u2019augmenter la capacit\u00e9 d\u2019accueil touristique de la ville, de changer l\u2019appellation de l\u2019a\u00e9roport F\u00e8s-Sais en F\u00e8s-Mekn\u00e8s, d\u2019am\u00e9liorer le transport touristique, de pr\u00e9voir des programmes d\u2019animation culturelle et artistique et d\u2019am\u00e9nager une zone d\u00e9di\u00e9e \u00e0 l\u2019investissement touristique, \u00e0 l\u2019image de ce qui a \u00e9t\u00e9 fait \u00e0 Marrakech et Agadir, et ce, dans la perspective d\u2019\u00e9lever la capacit\u00e9 d\u2019accueil \u00e0 10.000 lits dans cinq \u00e0 six ans. <\/p>\n\n\n\n<figure class=\"wp-block-image is-resized\"><img loading=\"lazy\" decoding=\"async\" src=\"https:\/\/s1.lematin.ma\/cdn\/images\/logo.png\" alt=\"LEMATIN.ma\" width=\"186\" height=\"26\"\/><\/figure>\n","protected":false},"excerpt":{"rendered":"<p>La 4e \u00e9dition du Forum international du tourisme de Mekn\u00e8s (FITAM) s\u2019est tenue, du 28 au 30 novembre, avec comme ambition de r\u00e9fl\u00e9chir aux moyens ad\u00e9quats pour faire de la cit\u00e9 imp\u00e9riale une destination touristique de choix. Plac\u00e9 sous le Haut Patronage de S.M. Le Roi Mohammed VI, ce forum a \u00e9t\u00e9 initi\u00e9 par l\u2019Association<\/p>\n","protected":false},"author":2,"featured_media":5244,"comment_status":"open","ping_status":"open","sticky":false,"template":"","format":"standard","meta":{"footnotes":""},"categories":[6],"tags":[],"_links":{"self":[{"href":"https:\/\/visit-meknes.com\/fr\/wp-json\/wp\/v2\/posts\/5798"}],"collection":[{"href":"https:\/\/visit-meknes.com\/fr\/wp-json\/wp\/v2\/posts"}],"about":[{"href":"https:\/\/visit-meknes.com\/fr\/wp-json\/wp\/v2\/types\/post"}],"author":[{"embeddable":true,"href":"https:\/\/visit-meknes.com\/fr\/wp-json\/wp\/v2\/users\/2"}],"replies":[{"embeddable":true,"href":"https:\/\/visit-meknes.com\/fr\/wp-json\/wp\/v2\/comments?post=5798"}],"version-history":[{"count":1,"href":"https:\/\/visit-meknes.com\/fr\/wp-json\/wp\/v2\/posts\/5798\/revisions"}],"predecessor-version":[{"id":5799,"href":"https:\/\/visit-meknes.com\/fr\/wp-json\/wp\/v2\/posts\/5798\/revisions\/5799"}],"wp:featuredmedia":[{"embeddable":true,"href":"https:\/\/visit-meknes.com\/fr\/wp-json\/wp\/v2\/media\/5244"}],"wp:attachment":[{"href":"https:\/\/visit-meknes.com\/fr\/wp-json\/wp\/v2\/media?parent=5798"}],"wp:term":[{"taxonomy":"category","embeddable":true,"href":"https:\/\/visit-meknes.com\/fr\/wp-json\/wp\/v2\/categories?post=5798"},{"taxonomy":"post_tag","embeddable":true,"href":"https:\/\/visit-meknes.com\/fr\/wp-json\/wp\/v2\/tags?post=5798"}],"curies":[{"name":"wp","href":"https:\/\/api.w.org\/{rel}","templated":true}]}}