{"id":5795,"date":"2019-12-02T19:59:57","date_gmt":"2019-12-02T19:59:57","guid":{"rendered":"http:\/\/visit-meknes.com\/fr\/?p=5795"},"modified":"2019-12-02T19:59:59","modified_gmt":"2019-12-02T19:59:59","slug":"les-voyagistes-de-fes-meknes-mettent-le-cap-sur-le-digital","status":"publish","type":"post","link":"https:\/\/visit-meknes.com\/fr\/les-voyagistes-de-fes-meknes-mettent-le-cap-sur-le-digital\/","title":{"rendered":"Les voyagistes de F\u00e8s Mekn\u00e8s mettent le cap sur le digital"},"content":{"rendered":"\n<p>Dans le cadre de ses multiples activit\u00e9s, l\u2019Association R\u00e9gionale des Agences de voyages F\u00e8s Mekn\u00e8s organise un s\u00e9minaire sur \u00ab La transformation digitale des entreprises touristiques, cas des Agences de Voyages \u00bb, le 07 D\u00e9cembre 2019 a 9h00 a l\u2019h\u00f4tel Palais Medina and SPA \u00e0 F\u00e8s.<\/p>\n\n\n\n<p>Cette importante conf\u00e9rence qui fait suite aux actions men\u00e9es par la FNAVM au service du collectif des voyagistes, sera anim\u00e9e, d\u00e8s 9h30, par des experts et chercheurs en la mati\u00e8re, \u00e0 savoir :<\/p>\n\n\n\n<p>\u2013 Pr. Khalid EL HOUSNI<\/p>\n\n\n\n<p>\u2013 Pr. Jonathan LOBE<\/p>\n\n\n\n<p>\u2013 Pr. Omar BENCHAREF<\/p>\n\n\n\n<p>\u2013 M. Mustapha AMALIK<\/p>\n\n\n\n<p>Programme :<\/p>\n\n\n\n<p>\u2013 09h30: D\u00e9but de la conf\u00e9rence.<\/p>\n\n\n\n<p>\u2013 11h00: Pause caf\u00e9.<\/p>\n\n\n\n<p>\u2013 11h30: Poursuite des travaux.<\/p>\n\n\n\n<p>\u2013 13h00: D\u00e9jeuner.<\/p>\n\n\n\n<p>\u2013 14h30: Pr\u00e9sentation Par Mme Zineb BENNANI de la compagnie SANAD Assurance d\u2019un projet de RC professionnel en faveur des membres de l ARAV\/FM.<\/p>\n\n\n\n<p>Rappelons qu\u2019\u00e0 l\u2019instar de ses homologues des autres r\u00e9gions, l\u2019ARAVFM s\u2019investit \u00e9galement dans la capitalisation des process digitaux, alternative incontournable dans le fonctionnement et l\u2019\u00e9volution des agences de voyages.<\/p>\n\n\n\n<p>D\u2019autant plus que la r\u00e9gion F\u00e8s Mekn\u00e8s demeure un vivier de richesses touristiques \u00e7 valoriser davantage ainsi que l\u2019infrastructure d\u2019accueil en mati\u00e8re d\u2019offres innovantes. D\u00e9j\u00e0 que la r\u00e9gion est connue par son art de vivre, son savoir-faire gastronomique, ses produits du terroir, ses moussems et festivals culturels.<\/p>\n\n\n\n<p>Toutes les deux class\u00e9es au Patrimoine Mondial de l\u2019Humanit\u00e9 de l\u2019Unesco, les villes de F\u00e8s et Mekn\u00e8s conjuguent tradition, perfection et modernit\u00e9. F\u00e8s, premi\u00e8re capitale du Royaume en 808 sous le r\u00e8gne d\u2019Idriss II, est un centre spirituel et culturel du Maroc traditionnel. Le dialogue des civilisations a commenc\u00e9 \u00e0 F\u00e8s. Cette cit\u00e9 est rest\u00e9e une ville de rencontres des populations berb\u00e8res et arabo-andalouses o\u00f9 Musulmans, Juifs et Chr\u00e9tiens ont v\u00e9cu et vivent ensemble dans la tol\u00e9rance et l\u2019harmonie totale. Mekn\u00e8s a \u00e9t\u00e9 fond\u00e9e au X\u00e8me si\u00e8cle sous le nom de Meknassa Ezzeitoun. Gr\u00e2ce \u00e0 ses monuments historiques, sa m\u00e9dina, ses environs, sa vie culturelle, les richesses de son terroir, ses mosqu\u00e9es, m\u00e9dersas, palais, riads, portes, mus\u00e9es, mausol\u00e9es, places, fontaines, galeries, souks et bazars d\u2019artisanat, sa r\u00e9putation a d\u00e9pass\u00e9 les fronti\u00e8res\u2026 La r\u00e9gion de F\u00e8s-Mekn\u00e8s dispose aussi de grandes possibilit\u00e9s de d\u00e9couvertes et d\u2019animations socioculturelles: cascades, circuits des lacs, thermes, for\u00eat de c\u00e8dres, moussems\u2026., o\u00f9 plusieurs sites historiques t\u00e9moignent de sa grandeur d\u2019antan.<\/p>\n\n\n\n<figure class=\"wp-block-image\"><img decoding=\"async\" src=\"http:\/\/premiumtravelnews.com\/wp-content\/uploads\/2016\/11\/logo_blanc.png\" alt=\"Premium Travel News\"\/><\/figure>\n","protected":false},"excerpt":{"rendered":"<p>Dans le cadre de ses multiples activit\u00e9s, l\u2019Association R\u00e9gionale des Agences de voyages F\u00e8s Mekn\u00e8s organise un s\u00e9minaire sur \u00ab La transformation digitale des entreprises touristiques, cas des Agences de Voyages \u00bb, le 07 D\u00e9cembre 2019 a 9h00 a l\u2019h\u00f4tel Palais Medina and SPA \u00e0 F\u00e8s. Cette importante conf\u00e9rence qui fait suite aux actions men\u00e9es<\/p>\n","protected":false},"author":2,"featured_media":5796,"comment_status":"open","ping_status":"open","sticky":false,"template":"","format":"standard","meta":{"footnotes":""},"categories":[6],"tags":[],"_links":{"self":[{"href":"https:\/\/visit-meknes.com\/fr\/wp-json\/wp\/v2\/posts\/5795"}],"collection":[{"href":"https:\/\/visit-meknes.com\/fr\/wp-json\/wp\/v2\/posts"}],"about":[{"href":"https:\/\/visit-meknes.com\/fr\/wp-json\/wp\/v2\/types\/post"}],"author":[{"embeddable":true,"href":"https:\/\/visit-meknes.com\/fr\/wp-json\/wp\/v2\/users\/2"}],"replies":[{"embeddable":true,"href":"https:\/\/visit-meknes.com\/fr\/wp-json\/wp\/v2\/comments?post=5795"}],"version-history":[{"count":1,"href":"https:\/\/visit-meknes.com\/fr\/wp-json\/wp\/v2\/posts\/5795\/revisions"}],"predecessor-version":[{"id":5797,"href":"https:\/\/visit-meknes.com\/fr\/wp-json\/wp\/v2\/posts\/5795\/revisions\/5797"}],"wp:featuredmedia":[{"embeddable":true,"href":"https:\/\/visit-meknes.com\/fr\/wp-json\/wp\/v2\/media\/5796"}],"wp:attachment":[{"href":"https:\/\/visit-meknes.com\/fr\/wp-json\/wp\/v2\/media?parent=5795"}],"wp:term":[{"taxonomy":"category","embeddable":true,"href":"https:\/\/visit-meknes.com\/fr\/wp-json\/wp\/v2\/categories?post=5795"},{"taxonomy":"post_tag","embeddable":true,"href":"https:\/\/visit-meknes.com\/fr\/wp-json\/wp\/v2\/tags?post=5795"}],"curies":[{"name":"wp","href":"https:\/\/api.w.org\/{rel}","templated":true}]}}