{"id":5788,"date":"2019-11-30T11:29:13","date_gmt":"2019-11-30T11:29:13","guid":{"rendered":"http:\/\/visit-meknes.com\/fr\/?p=5788"},"modified":"2019-11-30T11:29:15","modified_gmt":"2019-11-30T11:29:15","slug":"forum-international-du-tourisme-de-meknes-4eme-edition","status":"publish","type":"post","link":"https:\/\/visit-meknes.com\/fr\/forum-international-du-tourisme-de-meknes-4eme-edition\/","title":{"rendered":"FORUM INTERNATIONAL DU TOURISME DE MEKN\u00c8S : 4\u00c8ME \u00c9DITION"},"content":{"rendered":"\n<h3 class=\"wp-block-heading\"><strong>800 MILLIONS DE DIRHAMS CONSACR\u00c9S \u00c0 LA R\u00c9HABILITATION DE LA M\u00c9DINA DE MEKN\u00c8S.<\/strong><\/h3>\n\n\n\n<figure class=\"wp-block-image\"><img decoding=\"async\" src=\"http:\/\/visitefes.com\/wp-content\/uploads\/2019\/11\/4eme-Edition-du-Forum-International-du-Tourisme-a-Meknes-5.jpg\" alt=\"\" class=\"wp-image-6451\"\/><\/figure>\n\n\n\n<p>Ouvert le Jeudi 28 Novembre 2019 sous le th\u00e8me : \u00ab R\u00e9habilitation et valorisation de la M\u00e9dina de Mekn\u00e8s \u00bb.<\/p>\n\n\n\n<p>L&rsquo;es \u2019enjeux touristiques \u00ab la 4\u00e8me \u00e9dition du Forum International du Tourisme de Mekn\u00e8s \u00bb a brill\u00e9 par les interventions Mr Fouad Serghini Naji (ADER) qui a parl\u00e9 longuement du programme de r\u00e9habilitation et de valorisation (paraph\u00e9 Le 22 Octobre 2018 a Marrakech) dont les travaux vont se d\u00e9rouler sur plusieurs \u00e9tapes d\u00e8s le d\u00e9but de l\u2019ann\u00e9e prochaine.<\/p>\n\n\n\n<p>Le directeur de l\u2019ADER a \u00e9voqu\u00e9 800 millions de dirhams comme budget allou\u00e9 a ce programme qui concernera notamment 4 Palais, 12 kilom\u00e8tres de murailles, 8 fontaines, 7 fondouks, 3 parcs\u2026<\/p>\n\n\n\n<p>Fouad Serghini a indiqu\u00e9 que l\u2019exp\u00e9rience aquise par les cadres et les techniciens de l\u2019ADER durant plusieurs ann\u00e9es lors des travaux touchant la r\u00e9habilitation de la M\u00e9dina de F\u00e8s.<\/p>\n\n\n\n<p>Repr\u00e9sentant la Soci\u00e9t\u00e9 Marocaine d\u2019ing\u00e9nierie Touristique (SMIT), Mme Jihane Touzani a soulign\u00e9 pour sa part que la mise en place du tourisme du patrimoine touristique de Mekn\u00e8s drainera, dans le futur proche plus de 40 000 nuit\u00e9es et plus et 35 Millions de dirhams de recettes par an.<\/p>\n\n\n\n<figure class=\"wp-block-image\"><img decoding=\"async\" src=\"http:\/\/visitefes.com\/wp-content\/uploads\/2019\/11\/4eme-Edition-du-Forum-International-du-Tourisme-a-Meknes-7.jpg\" alt=\"\" class=\"wp-image-6453\"\/><\/figure>\n\n\n\n<p>La SMIT voit par ailleurs en la cit\u00e9 isma\u00e9lienne une destination \u00e0 part enti\u00e8re au lieu d\u2019une \u00e9tape actuellement.<\/p>\n\n\n\n<p>Pour sa part, Mme Corinna Cerveaux a enrichi le d\u00e9bat en parlant de l\u2019exp\u00e9rience du secteur touristique en pays Basque, mettant l\u2019accent sur l\u2019importance de la prestation dans les diff\u00e9rents espaces visit\u00e9s par les touristes pour rentabiliser de la meilleure des mani\u00e8res leurs s\u00e9jours.<\/p>\n\n\n\n<figure class=\"wp-block-image\"><img decoding=\"async\" src=\"http:\/\/visitefes.com\/wp-content\/uploads\/2019\/11\/4eme-Edition-du-Forum-International-du-Tourisme-a-Meknes-0.jpg\" alt=\"\" class=\"wp-image-6452\"\/><\/figure>\n\n\n\n<p>Rehauss\u00e9e par la pr\u00e9sence du Consul G\u00e9n\u00e9ral de France \u00e0 F\u00e8s et de nombreux experts en tourisme, dont les expos\u00e9s ont enrichi le d\u00e9bat et confirme combien l\u2019identit\u00e9 matrimonial peut servir le d\u00e9veloppement du Tourisme dans notre pays.<\/p>\n\n\n\n<p><a href=\"http:\/\/visit-meknes.com\/fr\/wp-content\/uploads\/2019\/11\/Forum-International-du-Tourisme-.pdf\" target=\"_blank\" rel=\"noreferrer noopener\">PDF<\/a><\/p>\n","protected":false},"excerpt":{"rendered":"<p>800 MILLIONS DE DIRHAMS CONSACR\u00c9S \u00c0 LA R\u00c9HABILITATION DE LA M\u00c9DINA DE MEKN\u00c8S. Ouvert le Jeudi 28 Novembre 2019 sous le th\u00e8me : \u00ab R\u00e9habilitation et valorisation de la M\u00e9dina de Mekn\u00e8s \u00bb. L&rsquo;es \u2019enjeux touristiques \u00ab la 4\u00e8me \u00e9dition du Forum International du Tourisme de Mekn\u00e8s \u00bb a brill\u00e9 par les interventions Mr Fouad<\/p>\n","protected":false},"author":2,"featured_media":5773,"comment_status":"open","ping_status":"open","sticky":false,"template":"","format":"standard","meta":{"footnotes":""},"categories":[6],"tags":[],"_links":{"self":[{"href":"https:\/\/visit-meknes.com\/fr\/wp-json\/wp\/v2\/posts\/5788"}],"collection":[{"href":"https:\/\/visit-meknes.com\/fr\/wp-json\/wp\/v2\/posts"}],"about":[{"href":"https:\/\/visit-meknes.com\/fr\/wp-json\/wp\/v2\/types\/post"}],"author":[{"embeddable":true,"href":"https:\/\/visit-meknes.com\/fr\/wp-json\/wp\/v2\/users\/2"}],"replies":[{"embeddable":true,"href":"https:\/\/visit-meknes.com\/fr\/wp-json\/wp\/v2\/comments?post=5788"}],"version-history":[{"count":1,"href":"https:\/\/visit-meknes.com\/fr\/wp-json\/wp\/v2\/posts\/5788\/revisions"}],"predecessor-version":[{"id":5789,"href":"https:\/\/visit-meknes.com\/fr\/wp-json\/wp\/v2\/posts\/5788\/revisions\/5789"}],"wp:featuredmedia":[{"embeddable":true,"href":"https:\/\/visit-meknes.com\/fr\/wp-json\/wp\/v2\/media\/5773"}],"wp:attachment":[{"href":"https:\/\/visit-meknes.com\/fr\/wp-json\/wp\/v2\/media?parent=5788"}],"wp:term":[{"taxonomy":"category","embeddable":true,"href":"https:\/\/visit-meknes.com\/fr\/wp-json\/wp\/v2\/categories?post=5788"},{"taxonomy":"post_tag","embeddable":true,"href":"https:\/\/visit-meknes.com\/fr\/wp-json\/wp\/v2\/tags?post=5788"}],"curies":[{"name":"wp","href":"https:\/\/api.w.org\/{rel}","templated":true}]}}