{"id":5764,"date":"2019-11-29T09:31:29","date_gmt":"2019-11-29T09:31:29","guid":{"rendered":"http:\/\/visit-meknes.com\/fr\/?p=5764"},"modified":"2019-12-05T23:14:58","modified_gmt":"2019-12-05T23:14:58","slug":"4eme-edition-du-forum-international-du-tourisme-a-meknes","status":"publish","type":"post","link":"https:\/\/visit-meknes.com\/fr\/4eme-edition-du-forum-international-du-tourisme-a-meknes\/","title":{"rendered":"4\u00e8me Edition du Forum International du Tourisme \u00e0 Mekn\u00e8s"},"content":{"rendered":"<div id=\"jig1\" class=\"justified-image-grid jig-e25351716b36cc5245b4b5e57e3c4b62 jig-preset-global\"><div class=\"jig-clearfix\"><\/div><noscript id=\"jig1-html\" class=\"justified-image-grid-html\" data-lazy-src=\"skiplazyload\" data-src=\"skipunveillazyload\"><ul><li><a href=\"https:\/\/visit-meknes.com\/fr\/wp-content\/uploads\/2019\/11\/4\u00e8me-Edition-du-Forum-International-du-Tourisme-\u00e0-Mekn\u00e8s-9-1024x768.jpg\"><img loading=\"lazy\" decoding=\"async\" src=\"https:\/\/visit-meknes.com\/fr\/wp-content\/plugins\/justified-image-grid\/timthumb.php?src=https%3A%2F%2Fvisit-meknes.com%2Ffr%2Fwp-content%2Fuploads%2F2019%2F11%2F4%C3%A8me-Edition-du-Forum-International-du-Tourisme-%C3%A0-Mekn%C3%A8s-9-1024x768.jpg&amp;h=230&amp;q=90&amp;f=.jpg\" alt=\"4\u00e8me-Edition-du-Forum-International-du-Tourisme-\u00e0-Mekn\u00e8s-9\" width=\"306\" height=\"230\" \/><\/a><p class=\"jig-HTMLdescription\">4\u00e8me-Edition-du-Forum-International-du-Tourisme-\u00e0-Mekn\u00e8s-9<br\/><\/p><\/li><li><a href=\"https:\/\/visit-meknes.com\/fr\/wp-content\/uploads\/2019\/11\/4\u00e8me-Edition-du-Forum-International-du-Tourisme-\u00e0-Mekn\u00e8s-8-1024x768.jpg\"><img loading=\"lazy\" decoding=\"async\" src=\"https:\/\/visit-meknes.com\/fr\/wp-content\/plugins\/justified-image-grid\/timthumb.php?src=https%3A%2F%2Fvisit-meknes.com%2Ffr%2Fwp-content%2Fuploads%2F2019%2F11%2F4%C3%A8me-Edition-du-Forum-International-du-Tourisme-%C3%A0-Mekn%C3%A8s-8-1024x768.jpg&amp;h=230&amp;q=90&amp;f=.jpg\" alt=\"4\u00e8me-Edition-du-Forum-International-du-Tourisme-\u00e0-Mekn\u00e8s-8\" width=\"306\" height=\"230\" \/><\/a><p class=\"jig-HTMLdescription\">4\u00e8me-Edition-du-Forum-International-du-Tourisme-\u00e0-Mekn\u00e8s-8<br\/><\/p><\/li><li><a href=\"https:\/\/visit-meknes.com\/fr\/wp-content\/uploads\/2019\/11\/4\u00e8me-Edition-du-Forum-International-du-Tourisme-\u00e0-Mekn\u00e8s-0-1024x768.jpg\"><img loading=\"lazy\" decoding=\"async\" src=\"https:\/\/visit-meknes.com\/fr\/wp-content\/plugins\/justified-image-grid\/timthumb.php?src=https%3A%2F%2Fvisit-meknes.com%2Ffr%2Fwp-content%2Fuploads%2F2019%2F11%2F4%C3%A8me-Edition-du-Forum-International-du-Tourisme-%C3%A0-Mekn%C3%A8s-0-1024x768.jpg&amp;h=230&amp;q=90&amp;f=.jpg\" alt=\"4\u00e8me-Edition-du-Forum-International-du-Tourisme-\u00e0-Mekn\u00e8s-0\" width=\"306\" height=\"230\" \/><\/a><p class=\"jig-HTMLdescription\">4\u00e8me-Edition-du-Forum-International-du-Tourisme-\u00e0-Mekn\u00e8s-0<br\/><\/p><\/li><li><a href=\"https:\/\/visit-meknes.com\/fr\/wp-content\/uploads\/2019\/11\/4\u00e8me-Edition-du-Forum-International-du-Tourisme-\u00e0-Mekn\u00e8s-1-1024x768.jpg\"><img loading=\"lazy\" decoding=\"async\" src=\"https:\/\/visit-meknes.com\/fr\/wp-content\/plugins\/justified-image-grid\/timthumb.php?src=https%3A%2F%2Fvisit-meknes.com%2Ffr%2Fwp-content%2Fuploads%2F2019%2F11%2F4%C3%A8me-Edition-du-Forum-International-du-Tourisme-%C3%A0-Mekn%C3%A8s-1-1024x768.jpg&amp;h=230&amp;q=90&amp;f=.jpg\" alt=\"4\u00e8me-Edition-du-Forum-International-du-Tourisme-\u00e0-Mekn\u00e8s-1\" width=\"306\" height=\"230\" \/><\/a><p class=\"jig-HTMLdescription\">4\u00e8me-Edition-du-Forum-International-du-Tourisme-\u00e0-Mekn\u00e8s-1<br\/><\/p><\/li><li><a href=\"https:\/\/visit-meknes.com\/fr\/wp-content\/uploads\/2019\/11\/4\u00e8me-Edition-du-Forum-International-du-Tourisme-\u00e0-Mekn\u00e8s-2-1024x768.jpg\"><img loading=\"lazy\" decoding=\"async\" src=\"https:\/\/visit-meknes.com\/fr\/wp-content\/plugins\/justified-image-grid\/timthumb.php?src=https%3A%2F%2Fvisit-meknes.com%2Ffr%2Fwp-content%2Fuploads%2F2019%2F11%2F4%C3%A8me-Edition-du-Forum-International-du-Tourisme-%C3%A0-Mekn%C3%A8s-2-1024x768.jpg&amp;h=230&amp;q=90&amp;f=.jpg\" alt=\"4\u00e8me-Edition-du-Forum-International-du-Tourisme-\u00e0-Mekn\u00e8s-2\" width=\"306\" height=\"230\" \/><\/a><p class=\"jig-HTMLdescription\">4\u00e8me-Edition-du-Forum-International-du-Tourisme-\u00e0-Mekn\u00e8s-2<br\/><\/p><\/li><li><a href=\"https:\/\/visit-meknes.com\/fr\/wp-content\/uploads\/2019\/11\/4\u00e8me-Edition-du-Forum-International-du-Tourisme-\u00e0-Mekn\u00e8s-3-1024x768.jpg\"><img loading=\"lazy\" decoding=\"async\" src=\"https:\/\/visit-meknes.com\/fr\/wp-content\/plugins\/justified-image-grid\/timthumb.php?src=https%3A%2F%2Fvisit-meknes.com%2Ffr%2Fwp-content%2Fuploads%2F2019%2F11%2F4%C3%A8me-Edition-du-Forum-International-du-Tourisme-%C3%A0-Mekn%C3%A8s-3-1024x768.jpg&amp;h=230&amp;q=90&amp;f=.jpg\" alt=\"4\u00e8me-Edition-du-Forum-International-du-Tourisme-\u00e0-Mekn\u00e8s-3\" width=\"306\" height=\"230\" \/><\/a><p class=\"jig-HTMLdescription\">4\u00e8me-Edition-du-Forum-International-du-Tourisme-\u00e0-Mekn\u00e8s-3<br\/><\/p><\/li><li><a href=\"https:\/\/visit-meknes.com\/fr\/wp-content\/uploads\/2019\/11\/4\u00e8me-Edition-du-Forum-International-du-Tourisme-\u00e0-Mekn\u00e8s-4-1024x768.jpg\"><img loading=\"lazy\" decoding=\"async\" src=\"https:\/\/visit-meknes.com\/fr\/wp-content\/plugins\/justified-image-grid\/timthumb.php?src=https%3A%2F%2Fvisit-meknes.com%2Ffr%2Fwp-content%2Fuploads%2F2019%2F11%2F4%C3%A8me-Edition-du-Forum-International-du-Tourisme-%C3%A0-Mekn%C3%A8s-4-1024x768.jpg&amp;h=230&amp;q=90&amp;f=.jpg\" alt=\"4\u00e8me-Edition-du-Forum-International-du-Tourisme-\u00e0-Mekn\u00e8s-4\" width=\"306\" height=\"230\" \/><\/a><p class=\"jig-HTMLdescription\">4\u00e8me-Edition-du-Forum-International-du-Tourisme-\u00e0-Mekn\u00e8s-4<br\/><\/p><\/li><li><a href=\"https:\/\/visit-meknes.com\/fr\/wp-content\/uploads\/2019\/11\/4\u00e8me-Edition-du-Forum-International-du-Tourisme-\u00e0-Mekn\u00e8s-5-1024x768.jpg\"><img loading=\"lazy\" decoding=\"async\" src=\"https:\/\/visit-meknes.com\/fr\/wp-content\/plugins\/justified-image-grid\/timthumb.php?src=https%3A%2F%2Fvisit-meknes.com%2Ffr%2Fwp-content%2Fuploads%2F2019%2F11%2F4%C3%A8me-Edition-du-Forum-International-du-Tourisme-%C3%A0-Mekn%C3%A8s-5-1024x768.jpg&amp;h=230&amp;q=90&amp;f=.jpg\" alt=\"4\u00e8me-Edition-du-Forum-International-du-Tourisme-\u00e0-Mekn\u00e8s-5\" width=\"306\" height=\"230\" \/><\/a><p class=\"jig-HTMLdescription\">4\u00e8me-Edition-du-Forum-International-du-Tourisme-\u00e0-Mekn\u00e8s-5<br\/><\/p><\/li><li><a href=\"https:\/\/visit-meknes.com\/fr\/wp-content\/uploads\/2019\/11\/4\u00e8me-Edition-du-Forum-International-du-Tourisme-\u00e0-Mekn\u00e8s-6-1024x768.jpg\"><img loading=\"lazy\" decoding=\"async\" src=\"https:\/\/visit-meknes.com\/fr\/wp-content\/plugins\/justified-image-grid\/timthumb.php?src=https%3A%2F%2Fvisit-meknes.com%2Ffr%2Fwp-content%2Fuploads%2F2019%2F11%2F4%C3%A8me-Edition-du-Forum-International-du-Tourisme-%C3%A0-Mekn%C3%A8s-6-1024x768.jpg&amp;h=230&amp;q=90&amp;f=.jpg\" alt=\"4\u00e8me-Edition-du-Forum-International-du-Tourisme-\u00e0-Mekn\u00e8s-6\" width=\"306\" height=\"230\" \/><\/a><p class=\"jig-HTMLdescription\">4\u00e8me-Edition-du-Forum-International-du-Tourisme-\u00e0-Mekn\u00e8s-6<br\/><\/p><\/li><li><a href=\"https:\/\/visit-meknes.com\/fr\/wp-content\/uploads\/2019\/11\/4\u00e8me-Edition-du-Forum-International-du-Tourisme-\u00e0-Mekn\u00e8s-7-1024x768.jpg\"><img loading=\"lazy\" decoding=\"async\" src=\"https:\/\/visit-meknes.com\/fr\/wp-content\/plugins\/justified-image-grid\/timthumb.php?src=https%3A%2F%2Fvisit-meknes.com%2Ffr%2Fwp-content%2Fuploads%2F2019%2F11%2F4%C3%A8me-Edition-du-Forum-International-du-Tourisme-%C3%A0-Mekn%C3%A8s-7-1024x768.jpg&amp;h=230&amp;q=90&amp;f=.jpg\" alt=\"4\u00e8me-Edition-du-Forum-International-du-Tourisme-\u00e0-Mekn\u00e8s-7\" width=\"306\" height=\"230\" \/><\/a><p class=\"jig-HTMLdescription\">4\u00e8me-Edition-du-Forum-International-du-Tourisme-\u00e0-Mekn\u00e8s-7<br\/><\/p><\/li><li><a href=\"https:\/\/visit-meknes.com\/fr\/wp-content\/uploads\/2019\/11\/4\u00e8me-Edition-du-Forum-International-du-Tourisme-\u00e0-Mekn\u00e8s-10-1024x768.jpg\"><img loading=\"lazy\" decoding=\"async\" src=\"https:\/\/visit-meknes.com\/fr\/wp-content\/plugins\/justified-image-grid\/timthumb.php?src=https%3A%2F%2Fvisit-meknes.com%2Ffr%2Fwp-content%2Fuploads%2F2019%2F11%2F4%C3%A8me-Edition-du-Forum-International-du-Tourisme-%C3%A0-Mekn%C3%A8s-10-1024x768.jpg&amp;h=230&amp;q=90&amp;f=.jpg\" alt=\"4\u00e8me-Edition-du-Forum-International-du-Tourisme-\u00e0-Mekn\u00e8s-10\" width=\"306\" height=\"230\" \/><\/a><p class=\"jig-HTMLdescription\">4\u00e8me-Edition-du-Forum-International-du-Tourisme-\u00e0-Mekn\u00e8s-10<br\/><\/p><\/li><\/ul><\/noscript><\/div>\n","protected":false},"excerpt":{"rendered":"","protected":false},"author":2,"featured_media":5774,"comment_status":"open","ping_status":"open","sticky":false,"template":"","format":"standard","meta":{"footnotes":""},"categories":[70,6],"tags":[],"_links":{"self":[{"href":"https:\/\/visit-meknes.com\/fr\/wp-json\/wp\/v2\/posts\/5764"}],"collection":[{"href":"https:\/\/visit-meknes.com\/fr\/wp-json\/wp\/v2\/posts"}],"about":[{"href":"https:\/\/visit-meknes.com\/fr\/wp-json\/wp\/v2\/types\/post"}],"author":[{"embeddable":true,"href":"https:\/\/visit-meknes.com\/fr\/wp-json\/wp\/v2\/users\/2"}],"replies":[{"embeddable":true,"href":"https:\/\/visit-meknes.com\/fr\/wp-json\/wp\/v2\/comments?post=5764"}],"version-history":[{"count":2,"href":"https:\/\/visit-meknes.com\/fr\/wp-json\/wp\/v2\/posts\/5764\/revisions"}],"predecessor-version":[{"id":5804,"href":"https:\/\/visit-meknes.com\/fr\/wp-json\/wp\/v2\/posts\/5764\/revisions\/5804"}],"wp:featuredmedia":[{"embeddable":true,"href":"https:\/\/visit-meknes.com\/fr\/wp-json\/wp\/v2\/media\/5774"}],"wp:attachment":[{"href":"https:\/\/visit-meknes.com\/fr\/wp-json\/wp\/v2\/media?parent=5764"}],"wp:term":[{"taxonomy":"category","embeddable":true,"href":"https:\/\/visit-meknes.com\/fr\/wp-json\/wp\/v2\/categories?post=5764"},{"taxonomy":"post_tag","embeddable":true,"href":"https:\/\/visit-meknes.com\/fr\/wp-json\/wp\/v2\/tags?post=5764"}],"curies":[{"name":"wp","href":"https:\/\/api.w.org\/{rel}","templated":true}]}}