{"id":5750,"date":"2019-11-17T23:45:28","date_gmt":"2019-11-17T23:45:28","guid":{"rendered":"http:\/\/visit-meknes.com\/fr\/?p=5750"},"modified":"2019-11-17T23:45:30","modified_gmt":"2019-11-17T23:45:30","slug":"meknes-abrite-le-premier-forum-de-linvestissement-des-marocains-du-monde","status":"publish","type":"post","link":"https:\/\/visit-meknes.com\/fr\/meknes-abrite-le-premier-forum-de-linvestissement-des-marocains-du-monde\/","title":{"rendered":"Mekn\u00e8s abrite le premier forum de l\u2019investissement des Marocains du monde"},"content":{"rendered":"\n<p>Le coup d\u2019envoi du premier forum de l&rsquo;investissement et du tourisme des Marocains du monde a \u00e9t\u00e9 donn\u00e9, vendredi \u00e0 Mekn\u00e8s, \u00e0 l\u2019initiative de l\u2019Organisation nationale pour les Marocains du monde (ONAMM).<\/p>\n\n\n\n<p>Cette rencontre de deux jours, qui connait la participation de nombreux op\u00e9rateurs \u00e9conomiques et touristiques, tend \u00e0 relancer l\u2019activit\u00e9 touristique dans la capitale isma\u00eflienne et \u00e0 attirer davantage les investissements des marocains \u00e9tablis \u00e0 l\u2019\u00e9tranger.<\/p>\n\n\n\n<p>Le pr\u00e9sident de l\u2019ONAMM, Hamid Aslaoui, a mis, \u00e0 cette occasion, en valeur les nombreux atouts de la ville de Mekn\u00e8s, particuli\u00e8rement sa civilisation arabo-islamique, son histoire et la diversit\u00e9 de son patrimoine culturel mat\u00e9riel et immat\u00e9riel, notant que ce forum aspire \u00e0 cr\u00e9er des ponts de communication et d\u2019\u00e9change avec les marocains du monde.<\/p>\n\n\n\n<p>M. Aslaoui a ajout\u00e9 que cette rencontre a pour ambition de mettre en avant les exp\u00e9riences et les expertises accumul\u00e9es par les Marocains \u00e9tablis \u00e0 l\u2019\u00e9tranger dans les pays d\u2019accueil et identifier les possibilit\u00e9s d\u2019investissement touristique \u00e0 Mekn\u00e8s.<\/p>\n\n\n\n<p>Il a rappel\u00e9 \u00e0 cet effet que l\u2019investissement constitue l\u2019un des piliers de d\u00e9veloppement durable, en ce sens qu\u2019il contribue \u00e0 la cr\u00e9ation des richesses et des postes d\u2019emploi aux laur\u00e9ats des universit\u00e9s et des instituts.<\/p>\n\n\n\n<p>Le d\u00e9l\u00e9gu\u00e9 r\u00e9gional du Tourisme \u00e0 Mekn\u00e8s, Ahmed El Khemlichi, a soulign\u00e9, quant \u00e0 lui, que l\u2019investissement touristique \u00e0 Mekn\u00e8s offre des opportunit\u00e9s prometteuses, notant que Mekn\u00e8s-El Hajeb est un axe g\u00e9ographique \u00abexceptionnel\u00bb, qui a le potentiel de permettre \u00e0 la r\u00e9gion de jouer \u00abpleinement\u00bb son r\u00f4le de destination touristique de premier plan.<\/p>\n\n\n\n<p>Le responsable a pass\u00e9 en revue les potentialit\u00e9s touristiques de Mekn\u00e8s, dont la richesse et la diversit\u00e9 des produits agricoles et les possibilit\u00e9s de d\u00e9veloppement du tourisme rural et autres activit\u00e9s sportives et distractives, relevant que 15 unit\u00e9s touristiques sont en cours de r\u00e9alisation au titre l\u2019ann\u00e9e actuelle au niveau de la pr\u00e9fecture de Mekn\u00e8s et la province d\u2019El Hajeb, d\u2019une capacit\u00e9 totale de 826 lits.<\/p>\n\n\n\n<p>Au menu de cette rencontre, les participants discuteront de plusieurs axes li\u00e9s notamment aux \u00abperspectives d\u2019investissement des marocains du monde \u00e0 Mekn\u00e8s\u00bb et aux \u00abd\u00e9fis d\u2019investissement et tourisme \u00e0 Mekn\u00e8s\u00bb.<\/p>\n\n\n\n<figure class=\"wp-block-image is-resized\"><img loading=\"lazy\" decoding=\"async\" src=\"https:\/\/i2.wp.com\/lactu24.com\/wp-content\/uploads\/2019\/09\/logo-lactu24.png?fit=258%2C100\" alt=\"\" width=\"168\" height=\"65\"\/><\/figure>\n","protected":false},"excerpt":{"rendered":"<p>Le coup d\u2019envoi du premier forum de l&rsquo;investissement et du tourisme des Marocains du monde a \u00e9t\u00e9 donn\u00e9, vendredi \u00e0 Mekn\u00e8s, \u00e0 l\u2019initiative de l\u2019Organisation nationale pour les Marocains du monde (ONAMM). Cette rencontre de deux jours, qui connait la participation de nombreux op\u00e9rateurs \u00e9conomiques et touristiques, tend \u00e0 relancer l\u2019activit\u00e9 touristique dans la capitale<\/p>\n","protected":false},"author":2,"featured_media":5751,"comment_status":"open","ping_status":"open","sticky":false,"template":"","format":"standard","meta":{"footnotes":""},"categories":[70,6],"tags":[],"_links":{"self":[{"href":"https:\/\/visit-meknes.com\/fr\/wp-json\/wp\/v2\/posts\/5750"}],"collection":[{"href":"https:\/\/visit-meknes.com\/fr\/wp-json\/wp\/v2\/posts"}],"about":[{"href":"https:\/\/visit-meknes.com\/fr\/wp-json\/wp\/v2\/types\/post"}],"author":[{"embeddable":true,"href":"https:\/\/visit-meknes.com\/fr\/wp-json\/wp\/v2\/users\/2"}],"replies":[{"embeddable":true,"href":"https:\/\/visit-meknes.com\/fr\/wp-json\/wp\/v2\/comments?post=5750"}],"version-history":[{"count":1,"href":"https:\/\/visit-meknes.com\/fr\/wp-json\/wp\/v2\/posts\/5750\/revisions"}],"predecessor-version":[{"id":5752,"href":"https:\/\/visit-meknes.com\/fr\/wp-json\/wp\/v2\/posts\/5750\/revisions\/5752"}],"wp:featuredmedia":[{"embeddable":true,"href":"https:\/\/visit-meknes.com\/fr\/wp-json\/wp\/v2\/media\/5751"}],"wp:attachment":[{"href":"https:\/\/visit-meknes.com\/fr\/wp-json\/wp\/v2\/media?parent=5750"}],"wp:term":[{"taxonomy":"category","embeddable":true,"href":"https:\/\/visit-meknes.com\/fr\/wp-json\/wp\/v2\/categories?post=5750"},{"taxonomy":"post_tag","embeddable":true,"href":"https:\/\/visit-meknes.com\/fr\/wp-json\/wp\/v2\/tags?post=5750"}],"curies":[{"name":"wp","href":"https:\/\/api.w.org\/{rel}","templated":true}]}}