{"id":5746,"date":"2019-11-13T14:06:38","date_gmt":"2019-11-13T14:06:38","guid":{"rendered":"http:\/\/visit-meknes.com\/fr\/?p=5746"},"modified":"2019-11-13T14:06:40","modified_gmt":"2019-11-13T14:06:40","slug":"meknes-le-fitam-sattaque-a-la-rehabilitation-et-valorisation-de-la-medina","status":"publish","type":"post","link":"https:\/\/visit-meknes.com\/fr\/meknes-le-fitam-sattaque-a-la-rehabilitation-et-valorisation-de-la-medina\/","title":{"rendered":"Mekn\u00e8s : Le FITAM s\u2019attaque \u00e0 la r\u00e9habilitation et valorisation de la m\u00e9dina"},"content":{"rendered":"\n<p>Sous le haut patronage du Roi Mohammed VI, le Forum International du Tourisme \u00e0 Mekn\u00e8s (FITAM) poursuit sa mission de promotion du d\u00e9veloppement touristique \u00e0 Mekn\u00e8s et son arri\u00e8re-pays et annonce le programme de sa 4e \u00e9dition, qui se tiendra du 28 au 30 novembre 2019. Pendant trois jours, le FITAM proposera une plate-forme d\u2019\u00e9change, de partage et de r\u00e9flexion autour des d\u00e9fis du tourisme et des leviers de mobilisation des forces vives de la r\u00e9gion. Egalement au c\u0153ur des d\u00e9bats, les nouvelles solutions \u00e0 apporter pour mieux valoriser le patrimoine et positionner Mekn\u00e8s comme une destination majeure aupr\u00e8s des visiteurs. Cette ann\u00e9e marque pour le FITAM un tournant avec une \u00e9dition qui adopte un nouveau format. A noter que quatre panels th\u00e9matiques seront propos\u00e9s sur des probl\u00e9matiques cl\u00e9s : la r\u00e9habilitation et valorisation de la m\u00e9dina de Mekn\u00e8s, le r\u00f4le du num\u00e9rique dans l\u2019attractivit\u00e9 touristique, le potentiel du tourisme rural et de nature, et les enjeux de la formation dans le secteur.<\/p>\n\n\n\n<figure class=\"wp-block-image is-resized\"><img loading=\"lazy\" decoding=\"async\" src=\"https:\/\/www.infomediaire.net\/wp-content\/uploads\/2017\/05\/logoinfomediaireexe-1-300x80.jpg\" alt=\"\" width=\"146\" height=\"39\"\/><\/figure>\n","protected":false},"excerpt":{"rendered":"<p>Sous le haut patronage du Roi Mohammed VI, le Forum International du Tourisme \u00e0 Mekn\u00e8s (FITAM) poursuit sa mission de promotion du d\u00e9veloppement touristique \u00e0 Mekn\u00e8s et son arri\u00e8re-pays et annonce le programme de sa 4e \u00e9dition, qui se tiendra du 28 au 30 novembre 2019. Pendant trois jours, le FITAM proposera une plate-forme d\u2019\u00e9change,<\/p>\n","protected":false},"author":2,"featured_media":5747,"comment_status":"open","ping_status":"open","sticky":false,"template":"","format":"standard","meta":{"footnotes":""},"categories":[6],"tags":[],"_links":{"self":[{"href":"https:\/\/visit-meknes.com\/fr\/wp-json\/wp\/v2\/posts\/5746"}],"collection":[{"href":"https:\/\/visit-meknes.com\/fr\/wp-json\/wp\/v2\/posts"}],"about":[{"href":"https:\/\/visit-meknes.com\/fr\/wp-json\/wp\/v2\/types\/post"}],"author":[{"embeddable":true,"href":"https:\/\/visit-meknes.com\/fr\/wp-json\/wp\/v2\/users\/2"}],"replies":[{"embeddable":true,"href":"https:\/\/visit-meknes.com\/fr\/wp-json\/wp\/v2\/comments?post=5746"}],"version-history":[{"count":1,"href":"https:\/\/visit-meknes.com\/fr\/wp-json\/wp\/v2\/posts\/5746\/revisions"}],"predecessor-version":[{"id":5748,"href":"https:\/\/visit-meknes.com\/fr\/wp-json\/wp\/v2\/posts\/5746\/revisions\/5748"}],"wp:featuredmedia":[{"embeddable":true,"href":"https:\/\/visit-meknes.com\/fr\/wp-json\/wp\/v2\/media\/5747"}],"wp:attachment":[{"href":"https:\/\/visit-meknes.com\/fr\/wp-json\/wp\/v2\/media?parent=5746"}],"wp:term":[{"taxonomy":"category","embeddable":true,"href":"https:\/\/visit-meknes.com\/fr\/wp-json\/wp\/v2\/categories?post=5746"},{"taxonomy":"post_tag","embeddable":true,"href":"https:\/\/visit-meknes.com\/fr\/wp-json\/wp\/v2\/tags?post=5746"}],"curies":[{"name":"wp","href":"https:\/\/api.w.org\/{rel}","templated":true}]}}