{"id":5744,"date":"2019-11-12T23:54:00","date_gmt":"2019-11-12T23:54:00","guid":{"rendered":"http:\/\/visit-meknes.com\/fr\/?p=5744"},"modified":"2019-11-12T23:54:02","modified_gmt":"2019-11-12T23:54:02","slug":"meknes-et-de-bourg-en-bresse-un-pacte-damitie-signe-prelude-dun-jumelage-en-2020","status":"publish","type":"post","link":"https:\/\/visit-meknes.com\/fr\/meknes-et-de-bourg-en-bresse-un-pacte-damitie-signe-prelude-dun-jumelage-en-2020\/","title":{"rendered":"Mekn\u00e8s et de Bourg-en-Bresse : Un pacte d&rsquo;amiti\u00e9 sign\u00e9, pr\u00e9lude d&rsquo;un jumelage en 2020"},"content":{"rendered":"\n<p>Un pacte d\u2019amiti\u00e9 entre la ville de Mekn\u00e8s et celle de Bourg-en-Bresse, chef-lieu du d\u00e9partement fran\u00e7ais de l\u2019Ain, en r\u00e9gion Auvergne-Rh\u00f4ne-Alpes, a \u00e9t\u00e9 sign\u00e9 r\u00e9cemment en pr\u00e9lude \u00e0 un jumelage pr\u00e9vu courant 2020 dans la capitale isma\u00e9lite.<\/p>\n\n\n\n<p>Le pacte d\u2019amiti\u00e9 a \u00e9t\u00e9 sign\u00e9, vendredi dernier \u00e0 l&rsquo;H\u00f4tel de Ville de Bourg, par le Maire de Bourg-en-Bresse, Jean Fran\u00e7ois Debat, et la vice-pr\u00e9sidente charg\u00e9e des Affaires \u00e9conomiques \u00e0 la ville de Mekn\u00e8s, Samira Kssiouar. Cette derni\u00e8re a pr\u00e9sid\u00e9 la d\u00e9l\u00e9gation de la ville imp\u00e9riale.<\/p>\n\n\n\n<p>Dans son intervention, le Maire de Bourg-en-Bresse a tenu \u00e0 saluer l\u2019effort consenti par le consulat g\u00e9n\u00e9ral du Maroc \u00e0 Lyon qui a initi\u00e9 et veill\u00e9 \u00e0 la concr\u00e9tisation de la coop\u00e9ration entre les deux villes. Cette coop\u00e9ration trouve tout son sens dans les liens historiques entre les deux villes puisque la communaut\u00e9 marocaine install\u00e9e dans cette ville, premi\u00e8re communaut\u00e9 \u00e9trang\u00e8re \u00e0 Bourg-en-Bresse, provient pour sa grande majorit\u00e9 de la ville isma\u00e9lite.<\/p>\n\n\n\n<p>De son c\u00f4t\u00e9, le consul du Maroc \u00e0 Lyon a tenu \u00e0 pr\u00e9ciser que le choix port\u00e9 de la ville de Mekn\u00e8s est principalement d\u00fb \u00e0 des raisons historiques. En effet, le 5\u00e8me r\u00e9giment des tirailleurs marocains, issus dans leur majorit\u00e9 de la ville isma\u00e9lite, \u00e9tait bas\u00e9 \u00e0 Bourg-en-Bresse. Ces derniers ont combattu aux c\u00f4t\u00e9s des troupes fran\u00e7aises pendant la deuxi\u00e8me guerre mondiale pour la lib\u00e9ration de la France, a-t-il rappel\u00e9.<\/p>\n\n\n\n<p>Autres \u00e9l\u00e9ments qui ont consolid\u00e9 le choix port\u00e9 sur la ville de Mekn\u00e8s sont les similitudes des deux r\u00e9gions notamment leur fort potentiel agricole, leur grand savoir-faire en mati\u00e8re d\u2019\u00e9levage, la pr\u00e9sence d\u2019une industrie agroalimentaire et d\u2019un Institut de formation et de recherche en mati\u00e8re agronomique.<\/p>\n\n\n\n<p>La signature de ce pacte d\u2019amiti\u00e9 entre Mekn\u00e8s, ville imp\u00e9riale du royaume et Bourg-en-Bresse, ville charg\u00e9e d\u2019histoire, vient consolider la coop\u00e9ration entre les deux cit\u00e9s. Elle refl\u00e8te \u00e9galement l\u2019excellence des relations entre le Maroc et la France.<\/p>\n","protected":false},"excerpt":{"rendered":"<p>Un pacte d\u2019amiti\u00e9 entre la ville de Mekn\u00e8s et celle de Bourg-en-Bresse, chef-lieu du d\u00e9partement fran\u00e7ais de l\u2019Ain, en r\u00e9gion Auvergne-Rh\u00f4ne-Alpes, a \u00e9t\u00e9 sign\u00e9 r\u00e9cemment en pr\u00e9lude \u00e0 un jumelage pr\u00e9vu courant 2020 dans la capitale isma\u00e9lite. Le pacte d\u2019amiti\u00e9 a \u00e9t\u00e9 sign\u00e9, vendredi dernier \u00e0 l&rsquo;H\u00f4tel de Ville de Bourg, par le Maire de<\/p>\n","protected":false},"author":2,"featured_media":5524,"comment_status":"open","ping_status":"open","sticky":false,"template":"","format":"standard","meta":{"footnotes":""},"categories":[6],"tags":[],"_links":{"self":[{"href":"https:\/\/visit-meknes.com\/fr\/wp-json\/wp\/v2\/posts\/5744"}],"collection":[{"href":"https:\/\/visit-meknes.com\/fr\/wp-json\/wp\/v2\/posts"}],"about":[{"href":"https:\/\/visit-meknes.com\/fr\/wp-json\/wp\/v2\/types\/post"}],"author":[{"embeddable":true,"href":"https:\/\/visit-meknes.com\/fr\/wp-json\/wp\/v2\/users\/2"}],"replies":[{"embeddable":true,"href":"https:\/\/visit-meknes.com\/fr\/wp-json\/wp\/v2\/comments?post=5744"}],"version-history":[{"count":1,"href":"https:\/\/visit-meknes.com\/fr\/wp-json\/wp\/v2\/posts\/5744\/revisions"}],"predecessor-version":[{"id":5745,"href":"https:\/\/visit-meknes.com\/fr\/wp-json\/wp\/v2\/posts\/5744\/revisions\/5745"}],"wp:featuredmedia":[{"embeddable":true,"href":"https:\/\/visit-meknes.com\/fr\/wp-json\/wp\/v2\/media\/5524"}],"wp:attachment":[{"href":"https:\/\/visit-meknes.com\/fr\/wp-json\/wp\/v2\/media?parent=5744"}],"wp:term":[{"taxonomy":"category","embeddable":true,"href":"https:\/\/visit-meknes.com\/fr\/wp-json\/wp\/v2\/categories?post=5744"},{"taxonomy":"post_tag","embeddable":true,"href":"https:\/\/visit-meknes.com\/fr\/wp-json\/wp\/v2\/tags?post=5744"}],"curies":[{"name":"wp","href":"https:\/\/api.w.org\/{rel}","templated":true}]}}