{"id":5741,"date":"2019-11-10T13:34:21","date_gmt":"2019-11-10T13:34:21","guid":{"rendered":"http:\/\/visit-meknes.com\/fr\/?p=5741"},"modified":"2019-11-10T13:34:23","modified_gmt":"2019-11-10T13:34:23","slug":"4e-edition-du-forum-international-du-tourisme-a-meknes-28-30-novembre","status":"publish","type":"post","link":"https:\/\/visit-meknes.com\/fr\/4e-edition-du-forum-international-du-tourisme-a-meknes-28-30-novembre\/","title":{"rendered":"4e \u00e9dition du Forum International du Tourisme \u00e0 Mekn\u00e8s (28-30 novembre)"},"content":{"rendered":"\n<p>Pendant trois jours, la 4\u00e8me \u00e9dition du FITAM, plac\u00e9e sous le Haut Patronage de Sa Majest\u00e9 le Roi Mohammed VI, experts, chercheurs et professionnels d\u00e9battront de moyens de d\u00e9collage touristique \u00e0 Mekn\u00e8s.<\/p>\n\n\n\n<p>Cette ann\u00e9e marque pour le FITAM, selon les organisateurs, en adoptant un nouveau format : D\u00e8s le 28 novembre, en effet, 4 panels th\u00e9matiques seront propos\u00e9s sur des probl\u00e9matiques cl\u00e9s : la r\u00e9habilitation et valorisation de la m\u00e9dina de Mekn\u00e8s, le r\u00f4le du num\u00e9rique dans l\u2019attractivit\u00e9 touristique, le potentiel du tourisme rural et de nature, et les enjeux de la formation dans le secteur.<\/p>\n\n\n\n<p>Le lendemain, 29 novembre, une restitution des travaux des panels sera pr\u00e9sent\u00e9e \u00e0 l\u2019occasion d\u2019une s\u00e9ance pl\u00e9ni\u00e8re qui r\u00e9unira les autorit\u00e9s, les d\u00e9l\u00e9gations \u00e9trang\u00e8res et les professionnels.<\/p>\n\n\n\n<p>Parall\u00e8lement \u00e0 ce programme, le FITAM 2019 sera l\u2019occasion pour le grand public de d\u00e9couvrir les produits de l\u2019artisanat local \u00e0 travers des stands d\u2019exposition. Une visite de la m\u00e9dina de Mekn\u00e8s, et de ses sites les plus remarquables, sera aussi \u00e0 l\u2019ordre du jour les 29 et 30 novembre.<\/p>\n\n\n\n<p>Rappelons que Mekn\u00e8s de par son histoire et sa richesse culturelle et patrimoniale offre un t\u00e9moignage exceptionnel de l\u2019alliance harmonieuse des styles islamique et europ\u00e9en dans le Maghreb du XVIIe si\u00e8cle. En effet, elle comporte un patrimoine architectural et urbain exceptionnel, mais qui reste peu valoris\u00e9 et dans un \u00e9tat de d\u00e9labrement avanc\u00e9.<\/p>\n\n\n\n<p>Ce constat, souvent relev\u00e9 par les professionnels du tourisme \u00e0 travers leurs repr\u00e9sentations associatives, dont particuli\u00e8rement le CPT Mekn\u00e8s, a \u00e9t\u00e9 accentu\u00e9 par l\u2019\u00e9chec du \u00ab Projet M\u2019dinti \u00bb et la non concr\u00e9tisation des \u00ab Projets V20 \u00bb<\/p>\n\n\n\n<p>Afin de rem\u00e9dier \u00e0 cette situation, l\u2019\u00e9v\u00e9nement majeur de ces derni\u00e8res ann\u00e9es \u00e0 Mekn\u00e8s, qui fait le bonheur des op\u00e9rateurs du tourisme, est la signature, en date du 22 Octobre, sous  la pr\u00e9sidence de SM le Roi Mohammed VI, de la convention cadre relative \u00e0 la r\u00e9habilitation et la valorisation de la m\u00e9dina de Mekn\u00e8s qui va permettre une mise en tourisme ad\u00e9quate de ce potentiel  afin d\u2019augmenter l\u2019attractivit\u00e9 touristique de la destination.<\/p>\n\n\n\n<p>Le programme de r\u00e9habilitation et de mise en valeur (2019-2023)  mobilise une enveloppe budg\u00e9taire de 800 millions MAD et  porte sur trois grands axes ayant trait \u00e0 :<\/p>\n\n\n\n<p>-La r\u00e9habilitation et revalorisation du patrimoine historique de la M\u00e9dina<\/p>\n\n\n\n<p>-L\u2019am\u00e9lioration de l\u2019accessibilit\u00e9 et de la circulation dans la M\u00e9dina<\/p>\n\n\n\n<p>-L\u2019am\u00e9lioration de l\u2019attractivit\u00e9 touristique et \u00e9conomique.<\/p>\n","protected":false},"excerpt":{"rendered":"<p>Pendant trois jours, la 4\u00e8me \u00e9dition du FITAM, plac\u00e9e sous le Haut Patronage de Sa Majest\u00e9 le Roi Mohammed VI, experts, chercheurs et professionnels d\u00e9battront de moyens de d\u00e9collage touristique \u00e0 Mekn\u00e8s. Cette ann\u00e9e marque pour le FITAM, selon les organisateurs, en adoptant un nouveau format : D\u00e8s le 28 novembre, en effet, 4 panels<\/p>\n","protected":false},"author":2,"featured_media":5242,"comment_status":"open","ping_status":"open","sticky":false,"template":"","format":"standard","meta":{"footnotes":""},"categories":[70,6],"tags":[],"_links":{"self":[{"href":"https:\/\/visit-meknes.com\/fr\/wp-json\/wp\/v2\/posts\/5741"}],"collection":[{"href":"https:\/\/visit-meknes.com\/fr\/wp-json\/wp\/v2\/posts"}],"about":[{"href":"https:\/\/visit-meknes.com\/fr\/wp-json\/wp\/v2\/types\/post"}],"author":[{"embeddable":true,"href":"https:\/\/visit-meknes.com\/fr\/wp-json\/wp\/v2\/users\/2"}],"replies":[{"embeddable":true,"href":"https:\/\/visit-meknes.com\/fr\/wp-json\/wp\/v2\/comments?post=5741"}],"version-history":[{"count":1,"href":"https:\/\/visit-meknes.com\/fr\/wp-json\/wp\/v2\/posts\/5741\/revisions"}],"predecessor-version":[{"id":5742,"href":"https:\/\/visit-meknes.com\/fr\/wp-json\/wp\/v2\/posts\/5741\/revisions\/5742"}],"wp:featuredmedia":[{"embeddable":true,"href":"https:\/\/visit-meknes.com\/fr\/wp-json\/wp\/v2\/media\/5242"}],"wp:attachment":[{"href":"https:\/\/visit-meknes.com\/fr\/wp-json\/wp\/v2\/media?parent=5741"}],"wp:term":[{"taxonomy":"category","embeddable":true,"href":"https:\/\/visit-meknes.com\/fr\/wp-json\/wp\/v2\/categories?post=5741"},{"taxonomy":"post_tag","embeddable":true,"href":"https:\/\/visit-meknes.com\/fr\/wp-json\/wp\/v2\/tags?post=5741"}],"curies":[{"name":"wp","href":"https:\/\/api.w.org\/{rel}","templated":true}]}}