{"id":5738,"date":"2019-11-07T23:09:15","date_gmt":"2019-11-07T23:09:15","guid":{"rendered":"http:\/\/visit-meknes.com\/fr\/?p=5738"},"modified":"2019-11-07T23:09:17","modified_gmt":"2019-11-07T23:09:17","slug":"vernissage-de-lexpo-binational-au-palais-municipal-de-meknes","status":"publish","type":"post","link":"https:\/\/visit-meknes.com\/fr\/vernissage-de-lexpo-binational-au-palais-municipal-de-meknes\/","title":{"rendered":"Vernissage  de l\u2019expo binational au Palais Municipal De Mekn\u00e8s"},"content":{"rendered":"\n<p>L\u2019artiste peintre Hanan Bourokba et le photographe franco-argentin Aurelien Bouyssou, originaire de Bordeaux, organisent une exposition franco-marocaine itin\u00e9rante qui voyagera \u00e0 travers les diff\u00e9rentes villes de la R\u00e9gion F\u00e8s Mekn\u00e8s \u00e0 compter du 02 novembre dernier ; date du vernissage de cette expo binational qui a eu lieu au Palais Municipal de la ville de Mekn\u00e8s avec le soutien de l\u2019Association Femmes et Enfants Ruraux que pr\u00e9side  Wafae El Kabbaj et la pr\u00e9sence d\u2019un grand public fans des arts plastiques.<\/p>\n\n\n\n<p>Cette exposition itin\u00e9rante sera mont\u00e9e, apr\u00e8s Mekn\u00e8s, la capitale Isma\u00e9lienne,  dans les villes d\u2019Ifrane, Azrou et Sefrou entre autres<\/p>\n\n\n\n<p>Originaire de Mekn\u00e8s, l\u2019artiste  Hanan Bourokba , expose a cette occasion de nombreux tableaux relatant son \u00e9cole de  \u00ab l\u2019impressionnisme figuratif \u00bb d\u00e9peignant la beaut\u00e9 des paysages naturels marocains et des m\u00e9dinas avec leurs fontaines,  la coquette  ville bleue de Chefchaouen, les arts de l\u2019artisanat, la nature morte, les chevauch\u00e9es de la fantasia et autres th\u00e8mes et motifs aux couleurs  chatoyantes.<\/p>\n\n\n\n<p>Dans sa d\u00e9claration, l\u2019autodidacte Hanan Bourokba qui a peint un beau portrait de SM Mohammed VI a d\u00e9j\u00e0 expos\u00e9 \u00e0 F\u00e8s avec son ancienne m\u00e9dina,  ses tanneries et son artisanat. \u00ab Elle a fait  ses premiers essais de dessin et de peinture \u00e0 l\u2019\u00e2ge de 6 ans en crayon pour d\u00e9velopper ensuite sa technique  en maniant le  pinceau et la peinture avec un penchant pour les couleurs vives et attrayantes \u00bb.<\/p>\n\n\n\n<p>Pour sa part, le photographe argentin Aurelien Bouyssou, qui a h\u00e9rit\u00e9 un ancien appareil photo de son p\u00e8re, utilise comme les photographes argentins, la technique qui consiste \u00ab \u00e0 obtenir une photographie  au moyen d\u2019un processus  photochimique  comprenant l\u2019exposition  d\u2019une pellicule  sensible \u00e0 la lumi\u00e8re  puis son d\u00e9veloppement et \u00e9ventuellement  son tirage \u00bb. Ses \u0153uvres montrent plusieurs paysages  et  monuments historiques du Maroc dont des mosqu\u00e9es tout bien  en noir et blanc.<\/p>\n\n\n\n<figure class=\"wp-block-image is-resized\"><img loading=\"lazy\" decoding=\"async\" src=\"http:\/\/premiumtravelnews.com\/wp-content\/uploads\/2016\/11\/logo_blanc.png\" alt=\"Premium Travel News\" width=\"177\" height=\"51\"\/><\/figure>\n","protected":false},"excerpt":{"rendered":"<p>L\u2019artiste peintre Hanan Bourokba et le photographe franco-argentin Aurelien Bouyssou, originaire de Bordeaux, organisent une exposition franco-marocaine itin\u00e9rante qui voyagera \u00e0 travers les diff\u00e9rentes villes de la R\u00e9gion F\u00e8s Mekn\u00e8s \u00e0 compter du 02 novembre dernier ; date du vernissage de cette expo binational qui a eu lieu au Palais Municipal de la ville de<\/p>\n","protected":false},"author":2,"featured_media":5739,"comment_status":"open","ping_status":"open","sticky":false,"template":"","format":"standard","meta":{"footnotes":""},"categories":[70,6],"tags":[],"_links":{"self":[{"href":"https:\/\/visit-meknes.com\/fr\/wp-json\/wp\/v2\/posts\/5738"}],"collection":[{"href":"https:\/\/visit-meknes.com\/fr\/wp-json\/wp\/v2\/posts"}],"about":[{"href":"https:\/\/visit-meknes.com\/fr\/wp-json\/wp\/v2\/types\/post"}],"author":[{"embeddable":true,"href":"https:\/\/visit-meknes.com\/fr\/wp-json\/wp\/v2\/users\/2"}],"replies":[{"embeddable":true,"href":"https:\/\/visit-meknes.com\/fr\/wp-json\/wp\/v2\/comments?post=5738"}],"version-history":[{"count":1,"href":"https:\/\/visit-meknes.com\/fr\/wp-json\/wp\/v2\/posts\/5738\/revisions"}],"predecessor-version":[{"id":5740,"href":"https:\/\/visit-meknes.com\/fr\/wp-json\/wp\/v2\/posts\/5738\/revisions\/5740"}],"wp:featuredmedia":[{"embeddable":true,"href":"https:\/\/visit-meknes.com\/fr\/wp-json\/wp\/v2\/media\/5739"}],"wp:attachment":[{"href":"https:\/\/visit-meknes.com\/fr\/wp-json\/wp\/v2\/media?parent=5738"}],"wp:term":[{"taxonomy":"category","embeddable":true,"href":"https:\/\/visit-meknes.com\/fr\/wp-json\/wp\/v2\/categories?post=5738"},{"taxonomy":"post_tag","embeddable":true,"href":"https:\/\/visit-meknes.com\/fr\/wp-json\/wp\/v2\/tags?post=5738"}],"curies":[{"name":"wp","href":"https:\/\/api.w.org\/{rel}","templated":true}]}}