{"id":5686,"date":"2019-10-02T21:29:31","date_gmt":"2019-10-02T21:29:31","guid":{"rendered":"http:\/\/visit-meknes.com\/fr\/?p=5686"},"modified":"2019-10-02T21:29:37","modified_gmt":"2019-10-02T21:29:37","slug":"12eme-edition-du-festival-de-fes-de-la-culture-soufie-du-19-au-26-octobre-2019","status":"publish","type":"post","link":"https:\/\/visit-meknes.com\/fr\/12eme-edition-du-festival-de-fes-de-la-culture-soufie-du-19-au-26-octobre-2019\/","title":{"rendered":"12\u00e8me \u00e9dition du Festival de F\u00e8s de la Culture Soufie du 19 au 26 octobre 2019"},"content":{"rendered":"\n<p>Le Festival de F\u00e8s de la Culture Soufie a choisi cette ann\u00e9e d\u2019associer les notions d\u2019humanisme et de spiritualit\u00e9. Ce choix peut para\u00eetre d\u2019autant plus \u00e9tonnant que le premier terme renvoie , dans l\u2019histoire occidentale depuis le XIV \u00e8me si\u00e8cle (mais surtout depuis le XVIII et XIX \u00e8me si\u00e8cle) \u00e0 un mouvement de pens\u00e9e dont le but \u00e9tait de s\u2019\u00e9manciper des ordres transcendants de la religion et du sacr\u00e9.<\/p>\n\n\n\n<p>Ce mouvement s\u2019inscrivait \u00e0 sa fa\u00e7on dans un d\u00e9bat d\u00e9j\u00e0 ancien, en Occident comme en Orient, entre foi et raison, religion et politique, libert\u00e9 et transcendance.<\/p>\n\n\n\n<p>Mais les r\u00e9ponses philosophiques qui \u00e9mergent \u00e0 une \u00e9poque ou une autre d\u2019un tel d\u00e9bat ne sont jamais innocentes. Elles sont porteuses d\u2019une promesse de civilisation, d\u2019un choix de soci\u00e9t\u00e9 .<\/p>\n\n\n\n<p>C\u2019est ainsi que les principes de rationalit\u00e9, de d\u00e9mocratie, des Droits humains, voire pour certains de lib\u00e9ralisme, ont conquis le monde.<\/p>\n\n\n\n<p>Mais dans la mesure m\u00eame de leur triomphe certains de ces concepts sont devenus les caricatures d\u2019eux-m\u00eames et sont pour cela largement remis en cause. Non pas dans l\u2019intention positive de ce qu\u2019ils peuvent apporter \u00e0 l\u2019humanit\u00e9 mais par le fait m\u00eame, et d\u2019une fa\u00e7on paradoxale, que d\u00e9nu\u00e9s justement de spiritualit\u00e9 et de transcendance, ils semblent pouvoir \u00eatre livr\u00e9s \u00e0 toutes les instrumentalisations et tous les abus.<\/p>\n\n\n\n<p>Il suffit de penser \u00e0 ce que nous r\u00e9serve ce que l\u2019on nous pr\u00e9sente comme une voie d\u2019avenir et de progr\u00e8s in\u00e9luctable; le transhumanisme, qui ne s\u2019av\u00e9rera sans doute en fin de parcours que le degr\u00e9 z\u00e9ro de l\u2019enchantement, ou de l\u2019exaltation, de la vie.<\/p>\n\n\n\n<p>La spiritualit\u00e9 donc au secours de l\u2019 humanisme ? \u00c0 voir. La relation impr\u00e9vue entre les deux peut en effet se r\u00e9v\u00e9ler f\u00e9conde \u00e0 une \u00e9poque o\u00f9 les religions connaissent aussi les d\u00e9rives d\u2019un formalisme dess\u00e9chant qui en vient \u00e0 nier les valeurs les plus \u00e9videntes de notre humanit\u00e9.<\/p>\n\n\n\n<p>C\u2019est la conjonction entre ces deux dimensions que l\u2019on voudrait aborder ici \u00e0 travers la culture du Soufisme.<\/p>\n\n\n\n<p>Elle saura peut \u00eatre nous faire appr\u00e9hender le choix d\u2019une politique comme un art de vivre, l\u2019ouverture \u00e0 des richesses intangibles et immat\u00e9rielles de notre humanit\u00e9, le respect \u00e9vident de la diversit\u00e9 des religions et cultures, l\u2019association fructueuse entre le savoir et la spiritualit\u00e9, l\u2019exaltation po\u00e9tique de notre environnement et de notre humanit\u00e9, fragiles certes, et qu\u2019il nous faut d\u2019autant plus pr\u00e9server.<\/p>\n\n\n\n<p>Une spiritualit\u00e9 qui ne viendra pas s\u2019opposer aux acquis de l\u2019humanisme mais plut\u00f4t insuffler une \u00e2me en celui-ci en lui redonnant sens et profondeur.<\/p>\n\n\n\n<p>La Culture soufie peut ainsi apporter sa contribution, parmi d\u2019autres spiritualit\u00e9s et sagesses du monde, \u00e0 une autre civilisation possible.<\/p>\n\n\n\n<p><strong>Faouzi Skali.<\/strong><\/p>\n\n\n\n<p><strong>www.festivalculturesoufie.com<\/strong><\/p>\n","protected":false},"excerpt":{"rendered":"<p>Le Festival de F\u00e8s de la Culture Soufie a choisi cette ann\u00e9e d\u2019associer les notions d\u2019humanisme et de spiritualit\u00e9. Ce choix peut para\u00eetre d\u2019autant plus \u00e9tonnant que le premier terme renvoie , dans l\u2019histoire occidentale depuis le XIV \u00e8me si\u00e8cle (mais surtout depuis le XVIII et XIX \u00e8me si\u00e8cle) \u00e0 un mouvement de pens\u00e9e dont<\/p>\n","protected":false},"author":2,"featured_media":5687,"comment_status":"open","ping_status":"open","sticky":false,"template":"","format":"standard","meta":{"footnotes":""},"categories":[70,6],"tags":[],"_links":{"self":[{"href":"https:\/\/visit-meknes.com\/fr\/wp-json\/wp\/v2\/posts\/5686"}],"collection":[{"href":"https:\/\/visit-meknes.com\/fr\/wp-json\/wp\/v2\/posts"}],"about":[{"href":"https:\/\/visit-meknes.com\/fr\/wp-json\/wp\/v2\/types\/post"}],"author":[{"embeddable":true,"href":"https:\/\/visit-meknes.com\/fr\/wp-json\/wp\/v2\/users\/2"}],"replies":[{"embeddable":true,"href":"https:\/\/visit-meknes.com\/fr\/wp-json\/wp\/v2\/comments?post=5686"}],"version-history":[{"count":1,"href":"https:\/\/visit-meknes.com\/fr\/wp-json\/wp\/v2\/posts\/5686\/revisions"}],"predecessor-version":[{"id":5688,"href":"https:\/\/visit-meknes.com\/fr\/wp-json\/wp\/v2\/posts\/5686\/revisions\/5688"}],"wp:featuredmedia":[{"embeddable":true,"href":"https:\/\/visit-meknes.com\/fr\/wp-json\/wp\/v2\/media\/5687"}],"wp:attachment":[{"href":"https:\/\/visit-meknes.com\/fr\/wp-json\/wp\/v2\/media?parent=5686"}],"wp:term":[{"taxonomy":"category","embeddable":true,"href":"https:\/\/visit-meknes.com\/fr\/wp-json\/wp\/v2\/categories?post=5686"},{"taxonomy":"post_tag","embeddable":true,"href":"https:\/\/visit-meknes.com\/fr\/wp-json\/wp\/v2\/tags?post=5686"}],"curies":[{"name":"wp","href":"https:\/\/api.w.org\/{rel}","templated":true}]}}