{"id":5679,"date":"2019-09-26T19:37:55","date_gmt":"2019-09-26T19:37:55","guid":{"rendered":"http:\/\/visit-meknes.com\/fr\/?p=5679"},"modified":"2019-09-26T19:37:56","modified_gmt":"2019-09-26T19:37:56","slug":"fes-meknes-la-chambre-dartisanat-veut-institutionnaliser-le-salon-du-bois","status":"publish","type":"post","link":"https:\/\/visit-meknes.com\/fr\/fes-meknes-la-chambre-dartisanat-veut-institutionnaliser-le-salon-du-bois\/","title":{"rendered":"F\u00c8S-MEKN\u00c8S. LA CHAMBRE D\u2019ARTISANAT VEUT INSTITUTIONNALISER LE SALON DU BOIS"},"content":{"rendered":"\n<p>Le salon international du bois voit grand. Apr\u00e8s la r\u00e9ussite enregistr\u00e9e l\u2019ann\u00e9e derni\u00e8re avec des ventes qui ont d\u00e9pass\u00e9 les 18 MDH, la Chambre de l\u2019artisanat de la R\u00e9gion F\u00e8s-Mekn\u00e8s entend institutionnaliser et professionnaliser ce salon en lui accordant son autonomie financi\u00e8re.<\/p>\n\n\n\n<p>Et de quatre pour le Salon international du bois de Mekn\u00e8s. La Chambre d\u2019artisanat de la R\u00e9gion F\u00e8s-Mekn\u00e8s planche sur les derniers pr\u00e9paratifs pour l\u2019organisation de la 4e \u00e9dition du Salon international du bois. Organis\u00e9 du 27 septembre au 6 octobre 2019 sur la place Sahrij Souani en partenariat avec le Secr\u00e9tariat d\u2019\u00c9tat charg\u00e9 de l\u2019artisanat et de l\u2019\u00e9conomie sociale, le Conseil r\u00e9gional de F\u00e8s-Mekn\u00e8s ainsi que le Conseil communal et pr\u00e9fectoral de la ville de Mekn\u00e8s, ce rendez-vous tr\u00e8s attendu des amateurs et passionn\u00e9s du travail du bois retrouvera son public et ceci autour du th\u00e8me \u00abLa valorisation de l\u2019artisanat du bois et la pr\u00e9servation de ses arts traditionnels\u00bb. Des journ\u00e9es de d\u00e9monstration dans les r\u00e8gles de l\u2019art, d\u2019ateliers professionnels et d\u2019animations sont au programme.<\/p>\n\n\n\n<p>C\u2019est ce sillage que les responsables de la chambre ont organis\u00e9 vendredi dernier, \u00e0 Mekn\u00e8s, un point de presse pour mettre en lumi\u00e8re l\u2019importance de la fili\u00e8re du bois dans la r\u00e9gion ainsi que le r\u00f4le des centres de formation et de qualification dans le d\u00e9veloppement des m\u00e9tiers du bois et la formation des jeunes de la ville de Mekn\u00e8s. Lors de cette rencontre, le pr\u00e9sident de la chambre a soulign\u00e9 que son \u00e9quipe pr\u00e9pare le terrain pour institutionnaliser et professionnaliser le salon international du bois tout en lui accordant son autonomie financi\u00e8re. En effet, \u00e0 compter de sa 6e \u00e9dition, le salon sera financ\u00e9 uniquement par les professionnels en partenariat avec le secteur priv\u00e9. Avec le S\u00e9n\u00e9gal comme invit\u00e9 d\u2019honneur de cette ann\u00e9e, cette \u00e9dition conna\u00eetra la participation de plusieurs pays connus par leur histoire et savoir-faire dans les m\u00e9tiers du bois.<\/p>\n\n\n\n<p>En plus de la Belgique et du Luxembourg, la pr\u00e9sente \u00e9dition conna\u00eetra \u00e9galement la participation de plusieurs pays africains dont la Tunisie, l\u2019Alg\u00e9rie, l\u2019\u00c9gypte et la R\u00e9publique d\u00e9mocratique du Congo. Plusieurs conventions de partenariats seront sign\u00e9es entre la Chambre de l\u2019artisanat de F\u00e8s-Mekn\u00e8s et le S\u00e9n\u00e9gal. Cette manifestation qui s\u2019\u00e9tend sur une superficie de 6.600 m\u00b2 conna\u00eetra la participation de 160 exposants repr\u00e9sentant des coop\u00e9ratives, des associations et des entreprises sp\u00e9cialis\u00e9es dans la commercialisation des \u00e9quipements techniques d\u00e9di\u00e9s \u00e0 la transformation du bois. Des espaces d\u00e9di\u00e9s aux antiquit\u00e9s et des articles menac\u00e9s de disparition sont pr\u00e9vus. Les laur\u00e9ats des centres de formation de l\u2019artisanat et de la Fondation Mohammed VI pour la r\u00e9insertion des d\u00e9tenus exposeront \u00e9galement leurs produits. Un espace commercial pour les artisans et un autre pour le design ont \u00e9t\u00e9 am\u00e9nag\u00e9s.<\/p>\n\n\n\n<p>Cette \u00e9dition sera aussi anim\u00e9e par l\u2019organisation de plusieurs conf\u00e9rences et tables rondes autour de la fili\u00e8re du bois et des moyens susceptibles d\u2019acc\u00e9l\u00e9rer son d\u00e9veloppement. En parall\u00e8le, plusieurs s\u00e9ances de formation dans l\u2019e-commerce et l\u2019utilisation des nouvelles technologies dans le processus de fabrication seront organis\u00e9es en faveur des artisans.<\/p>\n\n\n\n<p><strong>Leseco.ma<\/strong><\/p>\n","protected":false},"excerpt":{"rendered":"<p>Le salon international du bois voit grand. Apr\u00e8s la r\u00e9ussite enregistr\u00e9e l\u2019ann\u00e9e derni\u00e8re avec des ventes qui ont d\u00e9pass\u00e9 les 18 MDH, la Chambre de l\u2019artisanat de la R\u00e9gion F\u00e8s-Mekn\u00e8s entend institutionnaliser et professionnaliser ce salon en lui accordant son autonomie financi\u00e8re. Et de quatre pour le Salon international du bois de Mekn\u00e8s. La Chambre<\/p>\n","protected":false},"author":2,"featured_media":5680,"comment_status":"open","ping_status":"open","sticky":false,"template":"","format":"standard","meta":{"footnotes":""},"categories":[6],"tags":[],"_links":{"self":[{"href":"https:\/\/visit-meknes.com\/fr\/wp-json\/wp\/v2\/posts\/5679"}],"collection":[{"href":"https:\/\/visit-meknes.com\/fr\/wp-json\/wp\/v2\/posts"}],"about":[{"href":"https:\/\/visit-meknes.com\/fr\/wp-json\/wp\/v2\/types\/post"}],"author":[{"embeddable":true,"href":"https:\/\/visit-meknes.com\/fr\/wp-json\/wp\/v2\/users\/2"}],"replies":[{"embeddable":true,"href":"https:\/\/visit-meknes.com\/fr\/wp-json\/wp\/v2\/comments?post=5679"}],"version-history":[{"count":1,"href":"https:\/\/visit-meknes.com\/fr\/wp-json\/wp\/v2\/posts\/5679\/revisions"}],"predecessor-version":[{"id":5681,"href":"https:\/\/visit-meknes.com\/fr\/wp-json\/wp\/v2\/posts\/5679\/revisions\/5681"}],"wp:featuredmedia":[{"embeddable":true,"href":"https:\/\/visit-meknes.com\/fr\/wp-json\/wp\/v2\/media\/5680"}],"wp:attachment":[{"href":"https:\/\/visit-meknes.com\/fr\/wp-json\/wp\/v2\/media?parent=5679"}],"wp:term":[{"taxonomy":"category","embeddable":true,"href":"https:\/\/visit-meknes.com\/fr\/wp-json\/wp\/v2\/categories?post=5679"},{"taxonomy":"post_tag","embeddable":true,"href":"https:\/\/visit-meknes.com\/fr\/wp-json\/wp\/v2\/tags?post=5679"}],"curies":[{"name":"wp","href":"https:\/\/api.w.org\/{rel}","templated":true}]}}