{"id":5676,"date":"2019-09-24T22:35:49","date_gmt":"2019-09-24T22:35:49","guid":{"rendered":"http:\/\/visit-meknes.com\/fr\/?p=5676"},"modified":"2019-09-24T22:35:51","modified_gmt":"2019-09-24T22:35:51","slug":"region-fes-meknes-nouvelle-dynamique-pour-le-secteur-de-lartisanat","status":"publish","type":"post","link":"https:\/\/visit-meknes.com\/fr\/region-fes-meknes-nouvelle-dynamique-pour-le-secteur-de-lartisanat\/","title":{"rendered":"R\u00c9GION F\u00c8S-MEKN\u00c8S: NOUVELLE DYNAMIQUE POUR LE SECTEUR DE L\u2019ARTISANAT"},"content":{"rendered":"\n<p>Les professionnels de l\u2019artisanat se pr\u00e9parent activement pour la 4e \u00e9dition du Salon international du bois de Mekn\u00e8s. Afin de booster le secteur, la Chambre de l\u2019artisanat de la r\u00e9gion entend institutionnaliser et professionnaliser ce salon pour en faire une vitrine internationale.<\/p>\n\n\n\n<p>La r\u00e9gion de F\u00e8s-Mekn\u00e8s veut donner une dynamique plus importante au secteur de l\u2019artisanat local. C\u2019est le quotidien Les Inspirations Eco qui rapporte l\u2019information dans sa publication du 24 septembre.<\/p>\n\n\n\n<p>Revenant sur la quatri\u00e8me \u00e9dition du Salon international du bois de Mekn\u00e8s, le journal indique que la Chambre d\u2019artisanat de la r\u00e9gion planche sur les derniers pr\u00e9paratifs de cet \u00e9v\u00e9nement, qui se tiendra du 27 septembre au 6 octobre 2019. Rendez-vous tr\u00e8s attendu par les professionnels, l\u2019\u00e9v\u00e9nement est plac\u00e9 sous le th\u00e8me: \u00abLa valorisation de l\u2019artisanat du bois et la pr\u00e9servation de ses arts traditionnels\u00bb. On apprend qu\u2019il y aura des journ\u00e9es de d\u00e9monstration, des ateliers professionnels et d\u2019animations\u2026<\/p>\n\n\n\n<p>Aujourd\u2019hui, les organisateurs de cet \u00e9v\u00e9nement, au rang desquels la Chambre de l\u2019artisanat de la r\u00e9gion, ont indiqu\u00e9 qu\u2019ils travaillent en vue d\u2019institutionnaliser et professionnaliser ledit salon en lui accordant une autonomie financi\u00e8re. Ainsi, \u00e0 partir de la 6e \u00e9dition, le salon sera financ\u00e9 uniquement par les professionnels, en partenariat avec le secteur priv\u00e9. On apprend que plusieurs conventions de partenariat seront sign\u00e9es entre la Chambre de l\u2019artisanat de F\u00e8s-Mekn\u00e8s et le S\u00e9n\u00e9gal (invit\u00e9 d\u2019honneur).<\/p>\n\n\n\n<p>Les Inspirations Eco indique cette \u00e9dition sera aussi marqu\u00e9e par l\u2019organisation de plusieurs conf\u00e9rences et tables rondes autour de la fili\u00e8re du bois et des moyens susceptibles d\u2019acc\u00e9l\u00e9rer son d\u00e9veloppement. De m\u00eame, plusieurs s\u00e9ances de formation dans l\u2019e-commerce et l\u2019utilisation des nouvelles technologies dans le processus de fabrication seront aussi organis\u00e9es au profit des artisans.<\/p>\n\n\n\n<p><strong>Kiosque360<\/strong><\/p>\n","protected":false},"excerpt":{"rendered":"<p>Les professionnels de l\u2019artisanat se pr\u00e9parent activement pour la 4e \u00e9dition du Salon international du bois de Mekn\u00e8s. Afin de booster le secteur, la Chambre de l\u2019artisanat de la r\u00e9gion entend institutionnaliser et professionnaliser ce salon pour en faire une vitrine internationale. La r\u00e9gion de F\u00e8s-Mekn\u00e8s veut donner une dynamique plus importante au secteur de<\/p>\n","protected":false},"author":2,"featured_media":5677,"comment_status":"open","ping_status":"open","sticky":false,"template":"","format":"standard","meta":{"footnotes":""},"categories":[6],"tags":[],"_links":{"self":[{"href":"https:\/\/visit-meknes.com\/fr\/wp-json\/wp\/v2\/posts\/5676"}],"collection":[{"href":"https:\/\/visit-meknes.com\/fr\/wp-json\/wp\/v2\/posts"}],"about":[{"href":"https:\/\/visit-meknes.com\/fr\/wp-json\/wp\/v2\/types\/post"}],"author":[{"embeddable":true,"href":"https:\/\/visit-meknes.com\/fr\/wp-json\/wp\/v2\/users\/2"}],"replies":[{"embeddable":true,"href":"https:\/\/visit-meknes.com\/fr\/wp-json\/wp\/v2\/comments?post=5676"}],"version-history":[{"count":1,"href":"https:\/\/visit-meknes.com\/fr\/wp-json\/wp\/v2\/posts\/5676\/revisions"}],"predecessor-version":[{"id":5678,"href":"https:\/\/visit-meknes.com\/fr\/wp-json\/wp\/v2\/posts\/5676\/revisions\/5678"}],"wp:featuredmedia":[{"embeddable":true,"href":"https:\/\/visit-meknes.com\/fr\/wp-json\/wp\/v2\/media\/5677"}],"wp:attachment":[{"href":"https:\/\/visit-meknes.com\/fr\/wp-json\/wp\/v2\/media?parent=5676"}],"wp:term":[{"taxonomy":"category","embeddable":true,"href":"https:\/\/visit-meknes.com\/fr\/wp-json\/wp\/v2\/categories?post=5676"},{"taxonomy":"post_tag","embeddable":true,"href":"https:\/\/visit-meknes.com\/fr\/wp-json\/wp\/v2\/tags?post=5676"}],"curies":[{"name":"wp","href":"https:\/\/api.w.org\/{rel}","templated":true}]}}