{"id":5671,"date":"2019-09-21T22:29:24","date_gmt":"2019-09-21T22:29:24","guid":{"rendered":"http:\/\/visit-meknes.com\/fr\/?p=5671"},"modified":"2019-09-21T22:29:26","modified_gmt":"2019-09-21T22:29:26","slug":"salon-international-du-bois-160-exposants-attendus-a-meknes","status":"publish","type":"post","link":"https:\/\/visit-meknes.com\/fr\/salon-international-du-bois-160-exposants-attendus-a-meknes\/","title":{"rendered":"Salon international du bois : 160 exposants attendus \u00e0 Mekn\u00e8s"},"content":{"rendered":"\n<p>La quatri\u00e8me \u00e9dition du salon international du bois se tiendra du 27 septembre au 6 octobre 2019 \u00e0 Mekn\u00e8s,  \u00e0 l\u2019initiative de la Chambre d\u2019artisanat de la r\u00e9gion de F\u00e8s-Mekn\u00e8s. Cette \u00e9dition sera plac\u00e9e sous le th\u00e8me \u2018\u2019la valorisation de l\u2019artisanat du bois et la pr\u00e9servation de ses arts traditionnels\u2019\u2019.<\/p>\n\n\n\n<p>Durant 10 jours, les amoureux  de l\u2019artisanat du bois pourront visiter les stands de 160 exposants repr\u00e9sentant des coop\u00e9ratives, des associations et des entreprises sp\u00e9cialis\u00e9es dans la commercialisation des \u00e9quipements techniques d\u00e9di\u00e9s \u00e0 la transformation du bois.<\/p>\n\n\n\n<p>Au programme de cet \u00e9v\u00e9nement  figure,  des conf\u00e9rences et tables rondes autour de la fili\u00e8re du bois et des moyens susceptibles d&rsquo;acc\u00e9l\u00e9rer son d\u00e9veloppement, anim\u00e9es par des chercheurs et des sp\u00e9cialistes dans le domaine.<\/p>\n\n\n\n<p>En parall\u00e8le, plusieurs s\u00e9ances de formation seront organis\u00e9es en faveur des artisans pour am\u00e9liorer leurs capacit\u00e9s et \u00e9largir leurs connaissances.<\/p>\n\n\n\n<p>Cette manifestation  vise \u00e0  promouvoir la dynamique de l\u2019artisanat du bois, d&rsquo;\u00e9tablir des partenariats entre les diff\u00e9rents acteurs de la fili\u00e8re bois, d&rsquo;inciter \u00e0 cr\u00e9er des r\u00e9seaux territoriaux et d&rsquo;encourager les activit\u00e9s collectives visant \u00e0 offrir des opportunit\u00e9s d&#8217;emploi dans les principaux m\u00e9tiers du bois, indique la chambre d\u2019artisanat de la r\u00e9gion F\u00e8s-Mekn\u00e8s, principal initiateur de ce rendez-vous artisanal.<\/p>\n\n\n\n<p>Pour rappel, la pr\u00e9c\u00e9dente \u00e9dition a \u00e9t\u00e9 plac\u00e9e sous le th\u00e8me  \u00a0\u00bbpromotion du patrimoine culturel de l\u2019industrie du bois\u2019\u2019 et a connu la participation de quelque 160 exposants du Maroc et d&rsquo;ailleurs.<\/p>\n","protected":false},"excerpt":{"rendered":"<p>La quatri\u00e8me \u00e9dition du salon international du bois se tiendra du 27 septembre au 6 octobre 2019 \u00e0 Mekn\u00e8s, \u00e0 l\u2019initiative de la Chambre d\u2019artisanat de la r\u00e9gion de F\u00e8s-Mekn\u00e8s. Cette \u00e9dition sera plac\u00e9e sous le th\u00e8me \u2018\u2019la valorisation de l\u2019artisanat du bois et la pr\u00e9servation de ses arts traditionnels\u2019\u2019. Durant 10 jours, les amoureux<\/p>\n","protected":false},"author":2,"featured_media":5672,"comment_status":"open","ping_status":"open","sticky":false,"template":"","format":"standard","meta":{"footnotes":""},"categories":[70,6],"tags":[],"_links":{"self":[{"href":"https:\/\/visit-meknes.com\/fr\/wp-json\/wp\/v2\/posts\/5671"}],"collection":[{"href":"https:\/\/visit-meknes.com\/fr\/wp-json\/wp\/v2\/posts"}],"about":[{"href":"https:\/\/visit-meknes.com\/fr\/wp-json\/wp\/v2\/types\/post"}],"author":[{"embeddable":true,"href":"https:\/\/visit-meknes.com\/fr\/wp-json\/wp\/v2\/users\/2"}],"replies":[{"embeddable":true,"href":"https:\/\/visit-meknes.com\/fr\/wp-json\/wp\/v2\/comments?post=5671"}],"version-history":[{"count":1,"href":"https:\/\/visit-meknes.com\/fr\/wp-json\/wp\/v2\/posts\/5671\/revisions"}],"predecessor-version":[{"id":5673,"href":"https:\/\/visit-meknes.com\/fr\/wp-json\/wp\/v2\/posts\/5671\/revisions\/5673"}],"wp:featuredmedia":[{"embeddable":true,"href":"https:\/\/visit-meknes.com\/fr\/wp-json\/wp\/v2\/media\/5672"}],"wp:attachment":[{"href":"https:\/\/visit-meknes.com\/fr\/wp-json\/wp\/v2\/media?parent=5671"}],"wp:term":[{"taxonomy":"category","embeddable":true,"href":"https:\/\/visit-meknes.com\/fr\/wp-json\/wp\/v2\/categories?post=5671"},{"taxonomy":"post_tag","embeddable":true,"href":"https:\/\/visit-meknes.com\/fr\/wp-json\/wp\/v2\/tags?post=5671"}],"curies":[{"name":"wp","href":"https:\/\/api.w.org\/{rel}","templated":true}]}}