{"id":5642,"date":"2019-08-29T21:55:50","date_gmt":"2019-08-29T21:55:50","guid":{"rendered":"http:\/\/visit-meknes.com\/fr\/?p=5642"},"modified":"2019-08-29T21:55:52","modified_gmt":"2019-08-29T21:55:52","slug":"voyage-en-musique-au-coeur-de-volubilis","status":"publish","type":"post","link":"https:\/\/visit-meknes.com\/fr\/voyage-en-musique-au-coeur-de-volubilis\/","title":{"rendered":"VOYAGE EN MUSIQUE AU C\u0152UR DE VOLUBILIS"},"content":{"rendered":"\n<p>La 20\u00e8me \u00e9dition du Festival international de musique mondiale traditionnelle de Volubilis au eu lieu du 23 au 26 ao\u00fbt , avec la participation d\u2019une palette d\u2019artistes et de groupes de musique marocains et \u00e9trangers.<\/p>\n\n\n\n<p>C\u2019est la troupe chinoise de musique traditionnelle \u00ab Beijing Guowa \u00bb qui a ouvert le bal de cette 20-\u00e8me \u00e9dition, initi\u00e9e sous le Haut Patronage de SM le Roi Mohammed VI, sous le signe \u00ab Le festival international de Volubilis, un carrefour pour le dialogue des cultures et le brassage des arts \u00bb. Le groupe, compos\u00e9 d\u2019une dizaine d\u2019enfants et v\u00eatus de l\u2019habit traditionnel chinois, a gratifi\u00e9 le public d\u2019un spectacle haut en couleur, puis\u00e9 dans la pure tradition de ce pays asiatique.<\/p>\n\n\n\n<p>La troupe chinoise a laiss\u00e9 place, par la suite, au groupe \u00ab Tourath pour l\u2019art d\u2019El Hadra de Chefchaoun \u00bb, dirig\u00e9e par Hanane Moudiane, qui a emmen\u00e9 l\u2019assistance dans un voyage dans le monde des chants et de la po\u00e9sie soufis, avant que l\u2019orchestre isma\u00e9lien de musique moderne dirig\u00e9 par Montassir Hmala, ne pr\u00e9sente, au grand bonheur du public, une cr\u00e9ation artistique intitul\u00e9e \u00ab Voyage dans Volubilis \u00bb, compos\u00e9e \u00e0 l\u2019occasion de la 20e \u00e9dition du Festival international de Volubilis.<\/p>\n\n\n\n<p>Intervenant \u00e0 cette occasion, le ministre de la culture et de la communication, Mohamed La\u00e2raj a indiqu\u00e9 que cette manifestation est organis\u00e9e dans le cadre de la s\u00e9rie de festivals \u00ab Art et patrimoine \u00bb programm\u00e9s par son d\u00e9partement et couvrant l\u2019ensemble des villes du Royaume, ajoutant que plus de trente manifestations culturelles et patrimoniales sont initi\u00e9es, dans ce cadre, en application de la strat\u00e9gie du minist\u00e8re de la culture visant la pr\u00e9servation et la promotion du patrimoine national.<\/p>\n\n\n\n<p>Mettant l\u2019accent sur la singularit\u00e9 de ce festival qui constitue un rendez-vous annuel c\u00e9l\u00e9brant l\u2019art sous toutes ses formes dans le site arch\u00e9ologique de volubilis, un lieu charg\u00e9 d\u2019histoire, le ministre a soulign\u00e9 que cette manifestation est, \u00e9galement, un espace de rencontre et d\u2019\u00e9change entre les cultures et de promotion des valeurs de paix et de dialogue.<\/p>\n\n\n\n<p>M. Laaraj a mis en exergue la richesse de la programmation de l\u2019\u00e9dition de cette ann\u00e9e, marqu\u00e9e par la participation de 26 groupes artistiques de diff\u00e9rents horizons, venus du Maroc et d\u2019ailleurs, faisant part de la disposition du d\u00e9partement de tutelle \u00e0 \u0153uvrer davantage pour le d\u00e9veloppement du secteur culturel et artistique pour r\u00e9pondre aux attentes du citoyen marocain.<\/p>\n\n\n\n<p>Initi\u00e9 par le minist\u00e8re de la Culture et le Conseil de la r\u00e9gion de F\u00e8s-Mekn\u00e8s, cette manifestation se veut un espace de c\u00e9l\u00e9bration des diff\u00e9rentes expressions du patrimoine culturel et artistique, de revalorisation des musiques traditionnelles authentiques et de mise en valeur des sites et monuments historiques de la cit\u00e9 isma\u00e9lienne.<\/p>\n\n\n\n<p>Initi\u00e9e en partenariat avec la la pr\u00e9fecture et la commune de Mekn\u00e8s, cette \u00e9dition a choisi le Canada en tant qu\u2019invit\u00e9 d\u2019honneur et connait la participation d\u2019artistes et de groupes venus de la C\u00f4te d\u2019Ivoire, de Chine, de l\u2019Autriche, de Belgique outre du Maroc.<\/p>\n\n\n\n<p>La c\u00e9r\u00e9monie d\u2019ouverture s\u2019est d\u00e9roul\u00e9e en pr\u00e9sence du gouverneur de la pr\u00e9fecture de Mekn\u00e8s, du pr\u00e9sident de la r\u00e9gion F\u00e8s-Mekn\u00e8s, de l\u2019ambassadeur de Chine au Maroc, du directeur du bureau de Qu\u00e9bec \u00e0 Rabat ainsi que d\u2019autres personnalit\u00e9s civiles et militaires.<\/p>\n\n\n\n<figure class=\"wp-block-image\"><a href=\"http:\/\/mapnewsletters.ma\/voyage-en-musique-au-coeur-de-volubilis\/\" target=\"_blank\" rel=\"noreferrer noopener\"><img decoding=\"async\" src=\"http:\/\/mapnewsletters.ma\/wp-content\/uploads\/2019\/07\/MAP-Newsletters-2.jpg\" alt=\"MAP NEWSLETTERS\"\/><\/a><\/figure>\n","protected":false},"excerpt":{"rendered":"<p>La 20\u00e8me \u00e9dition du Festival international de musique mondiale traditionnelle de Volubilis au eu lieu du 23 au 26 ao\u00fbt , avec la participation d\u2019une palette d\u2019artistes et de groupes de musique marocains et \u00e9trangers. C\u2019est la troupe chinoise de musique traditionnelle \u00ab Beijing Guowa \u00bb qui a ouvert le bal de cette 20-\u00e8me \u00e9dition,<\/p>\n","protected":false},"author":2,"featured_media":5643,"comment_status":"open","ping_status":"open","sticky":false,"template":"","format":"standard","meta":{"footnotes":""},"categories":[6],"tags":[],"_links":{"self":[{"href":"https:\/\/visit-meknes.com\/fr\/wp-json\/wp\/v2\/posts\/5642"}],"collection":[{"href":"https:\/\/visit-meknes.com\/fr\/wp-json\/wp\/v2\/posts"}],"about":[{"href":"https:\/\/visit-meknes.com\/fr\/wp-json\/wp\/v2\/types\/post"}],"author":[{"embeddable":true,"href":"https:\/\/visit-meknes.com\/fr\/wp-json\/wp\/v2\/users\/2"}],"replies":[{"embeddable":true,"href":"https:\/\/visit-meknes.com\/fr\/wp-json\/wp\/v2\/comments?post=5642"}],"version-history":[{"count":1,"href":"https:\/\/visit-meknes.com\/fr\/wp-json\/wp\/v2\/posts\/5642\/revisions"}],"predecessor-version":[{"id":5644,"href":"https:\/\/visit-meknes.com\/fr\/wp-json\/wp\/v2\/posts\/5642\/revisions\/5644"}],"wp:featuredmedia":[{"embeddable":true,"href":"https:\/\/visit-meknes.com\/fr\/wp-json\/wp\/v2\/media\/5643"}],"wp:attachment":[{"href":"https:\/\/visit-meknes.com\/fr\/wp-json\/wp\/v2\/media?parent=5642"}],"wp:term":[{"taxonomy":"category","embeddable":true,"href":"https:\/\/visit-meknes.com\/fr\/wp-json\/wp\/v2\/categories?post=5642"},{"taxonomy":"post_tag","embeddable":true,"href":"https:\/\/visit-meknes.com\/fr\/wp-json\/wp\/v2\/tags?post=5642"}],"curies":[{"name":"wp","href":"https:\/\/api.w.org\/{rel}","templated":true}]}}