{"id":536,"date":"2015-01-23T15:17:55","date_gmt":"2015-01-23T15:17:55","guid":{"rendered":"http:\/\/localhost\/gplnewsmix\/?p=536"},"modified":"2015-04-29T21:50:42","modified_gmt":"2015-04-29T21:50:42","slug":"presentation-des-axes-prioritaires-de-la-strategie-2015-2020","status":"publish","type":"post","link":"https:\/\/visit-meknes.com\/fr\/presentation-des-axes-prioritaires-de-la-strategie-2015-2020\/","title":{"rendered":"Pr\u00e9sentation des axes prioritaires de la strat\u00e9gie 2015-2020"},"content":{"rendered":"<p style=\"text-align: justify;\">Les groupes de r\u00e9flexion pr\u00e9sentent leur plan d&rsquo;action pour la mise en oeuvre de la strat\u00e9gie du d\u00e9veloppement du Grand-Mekn\u00e8s 2015-2020<\/p>\n<p style=\"text-align: justify;\">Les groupes de r\u00e9flexion ont pr\u00e9sent\u00e9 jeudi lors d&rsquo;une rencontre organis\u00e9e par la wilaya de Mekn\u00e8s, leur plan d&rsquo;action pour la mise en \u0153uvre des axes prioritaires de la strat\u00e9gie du d\u00e9veloppement du Grand-Mekn\u00e8s 2015-2020 qui vise \u00e0 donner une nouvelle dimension \u00e0 la cit\u00e9 isma\u00e9lite class\u00e9e patrimoine mondiale.<\/p>\n<p style=\"text-align: justify;\">Ces groupes de r\u00e9flexions r\u00e9partis sur huit commissions ouvrent \u00e0 assurer les missions de suivi, de coordination et d&rsquo;accompagnement, et ce en concertation avec les acteurs de la soci\u00e9t\u00e9 civile, des repr\u00e9sentants du secteur priv\u00e9, ainsi que des organisations professionnelles qui de leurs c\u00f4t\u00e9s, seront charg\u00e9s de d\u00e9battre et faire leurs propositions pour enrichir ce plan de d\u00e9veloppement.<\/p>\n<p style=\"text-align: justify;\">La strat\u00e9gie de d\u00e9veloppement du grand-Mekn\u00e8s s&rsquo;inscrit dans le cadre d&rsquo;un plan d&rsquo;action qui a, pour objectif, de repenser les concepts d&rsquo;architecture urbaine des villes marocaines qui connaissent une cadence rapide de l&rsquo;urbanisation.<\/p>\n<p style=\"text-align: justify;\">Le futur plan du grand-Mekn\u00e8s qui vise en premier lieu \u00e0 r\u00e9pondre aux aspirations de la population locale et redonner confiance aux investisseurs, sera ax\u00e9 ainsi sur la r\u00e9alisation d&rsquo;un diagnostic territorial, la mise en place d&rsquo;une vision \u00e0 partir de laquelle ressortent les axes strat\u00e9giques de d\u00e9veloppement et l&rsquo;\u00e9tablissement d&rsquo;un plan d&rsquo;action prioritaire (2015) et un autre plan d&rsquo;action \u00e0 Moyen terme (2016-2020).<\/p>\n<p style=\"text-align: justify;\">Parmi les th\u00e9matiques de la strat\u00e9gie du d\u00e9veloppement du grand-Mekn\u00e8s, figurent entre autres, la mise \u00e0 niveau sociale, l&rsquo;habitat et requalification urbaine, l&rsquo;infrastructure routi\u00e8re et mobilit\u00e9, le transport urbain, interurbain et ferroviaire, la sauvegarde et mise en valeur du patrimoine, tourisme et artisanat, ainsi que le marketing et la promotion territoriale.<\/p>\n<p style=\"text-align: justify;\">Les groupes de r\u00e9flexion ont, ainsi, identifi\u00e9 les d\u00e9faillances qui entachent le d\u00e9veloppement de la ville, dont la faiblesse et la l\u00e9thargie enregistr\u00e9es dans le tissu \u00e9conomique local et au niveau de certains secteurs grands pourvoyeurs d&#8217;emploi.<\/p>\n<p style=\"text-align: justify;\">lematin.ma<\/p>\n","protected":false},"excerpt":{"rendered":"<p>Les groupes de r\u00e9flexion pr\u00e9sentent leur plan d&rsquo;action pour la mise en oeuvre de la strat\u00e9gie du d\u00e9veloppement du Grand-Mekn\u00e8s 2015-2020 Les groupes de r\u00e9flexion ont pr\u00e9sent\u00e9 jeudi lors d&rsquo;une rencontre organis\u00e9e par la wilaya de Mekn\u00e8s, leur plan d&rsquo;action pour la mise en \u0153uvre des axes prioritaires de la strat\u00e9gie du d\u00e9veloppement du Grand-Mekn\u00e8s<\/p>\n","protected":false},"author":1,"featured_media":1748,"comment_status":"open","ping_status":"open","sticky":false,"template":"","format":"standard","meta":{"footnotes":""},"categories":[6],"tags":[],"_links":{"self":[{"href":"https:\/\/visit-meknes.com\/fr\/wp-json\/wp\/v2\/posts\/536"}],"collection":[{"href":"https:\/\/visit-meknes.com\/fr\/wp-json\/wp\/v2\/posts"}],"about":[{"href":"https:\/\/visit-meknes.com\/fr\/wp-json\/wp\/v2\/types\/post"}],"author":[{"embeddable":true,"href":"https:\/\/visit-meknes.com\/fr\/wp-json\/wp\/v2\/users\/1"}],"replies":[{"embeddable":true,"href":"https:\/\/visit-meknes.com\/fr\/wp-json\/wp\/v2\/comments?post=536"}],"version-history":[{"count":3,"href":"https:\/\/visit-meknes.com\/fr\/wp-json\/wp\/v2\/posts\/536\/revisions"}],"predecessor-version":[{"id":1697,"href":"https:\/\/visit-meknes.com\/fr\/wp-json\/wp\/v2\/posts\/536\/revisions\/1697"}],"wp:featuredmedia":[{"embeddable":true,"href":"https:\/\/visit-meknes.com\/fr\/wp-json\/wp\/v2\/media\/1748"}],"wp:attachment":[{"href":"https:\/\/visit-meknes.com\/fr\/wp-json\/wp\/v2\/media?parent=536"}],"wp:term":[{"taxonomy":"category","embeddable":true,"href":"https:\/\/visit-meknes.com\/fr\/wp-json\/wp\/v2\/categories?post=536"},{"taxonomy":"post_tag","embeddable":true,"href":"https:\/\/visit-meknes.com\/fr\/wp-json\/wp\/v2\/tags?post=536"}],"curies":[{"name":"wp","href":"https:\/\/api.w.org\/{rel}","templated":true}]}}