{"id":4964,"date":"2019-07-19T22:09:31","date_gmt":"2019-07-19T22:09:31","guid":{"rendered":"http:\/\/visit-meknes.com\/fr\/?p=4964"},"modified":"2019-07-19T22:12:44","modified_gmt":"2019-07-19T22:12:44","slug":"premier-festival-national-du-19-au-21-juillet","status":"publish","type":"post","link":"https:\/\/visit-meknes.com\/fr\/premier-festival-national-du-19-au-21-juillet\/","title":{"rendered":"Premier festival national du 19 au 21 juillet"},"content":{"rendered":"\n<p>La premi\u00e8re \u00e9dition du Festival national d\u2019El Hajeb se tiendra du 19 au 21 juillet sous le signe \u00abLa ville d\u2019El Hajeb, carrefour de la coexistence et du dialogue des cultures\u00bb. Cette manifestation vise \u00e0 pr\u00e9server et \u00e0 promouvoir le patrimoine culturel et civilisationnel riche et vari\u00e9 de la ville et renforcer les valeurs de coexistence et de dialogue des cultures, selon l\u2019association du festival d\u2019El Hajeb, qui organise cet \u00e9v\u00e8nement.<br>Lors d\u2019une conf\u00e9rence de presse, mercredi \u00e0&nbsp;<br><\/p>\n\n\n\n<p>El Hajeb, le pr\u00e9sident de l\u2019association, Mustapha Hakim, a indiqu\u00e9 que cette premi\u00e8re \u00e9dition tend \u00e0 promouvoir les richesses culturelles et naturelles de la province et faire connaitre ses potentialit\u00e9s civilisationnelles et touristiques et la richesse de son patrimoine immat\u00e9riel. Le coup d\u2019envoi de cette \u00e9dition sera donn\u00e9 par la projection d\u2019un film documentaire sur la m\u00e9moire de la ville d\u2019El Hajeb, suivi d\u2019un concert de l\u2019artiste Lamia Zaidi. La journ\u00e9e du samedi sera marqu\u00e9e par l\u2019organisation d\u2019une conf\u00e9rence sur \u00abLa r\u00e9gion d\u2019El Hajeb : Histoire, territoire et soci\u00e9t\u00e9\u00bb. Le public aura rendez-vous avec deux soir\u00e9es artistiques.&nbsp;&nbsp;<br><\/p>\n\n\n\n<p>Selon ses initiateurs, le festival verra l\u2019organisation d\u2019activit\u00e9s parall\u00e8les, dont des expositions de livres et de produits d\u2019artisanat, un stand de la m\u00e9moire d\u2019El Hajeb et un tournoi de football.&nbsp;<\/p>\n\n\n\n<p><strong>lematin.ma<\/strong><\/p>\n","protected":false},"excerpt":{"rendered":"<p>La premi\u00e8re \u00e9dition du Festival national d\u2019El Hajeb se tiendra du 19 au 21 juillet sous le signe \u00abLa ville d\u2019El Hajeb, carrefour de la coexistence et du dialogue des cultures\u00bb. Cette manifestation vise \u00e0 pr\u00e9server et \u00e0 promouvoir le patrimoine culturel et civilisationnel riche et vari\u00e9 de la ville et renforcer les valeurs de<\/p>\n","protected":false},"author":1,"featured_media":4965,"comment_status":"open","ping_status":"open","sticky":false,"template":"","format":"standard","meta":{"footnotes":""},"categories":[6],"tags":[],"_links":{"self":[{"href":"https:\/\/visit-meknes.com\/fr\/wp-json\/wp\/v2\/posts\/4964"}],"collection":[{"href":"https:\/\/visit-meknes.com\/fr\/wp-json\/wp\/v2\/posts"}],"about":[{"href":"https:\/\/visit-meknes.com\/fr\/wp-json\/wp\/v2\/types\/post"}],"author":[{"embeddable":true,"href":"https:\/\/visit-meknes.com\/fr\/wp-json\/wp\/v2\/users\/1"}],"replies":[{"embeddable":true,"href":"https:\/\/visit-meknes.com\/fr\/wp-json\/wp\/v2\/comments?post=4964"}],"version-history":[{"count":3,"href":"https:\/\/visit-meknes.com\/fr\/wp-json\/wp\/v2\/posts\/4964\/revisions"}],"predecessor-version":[{"id":4968,"href":"https:\/\/visit-meknes.com\/fr\/wp-json\/wp\/v2\/posts\/4964\/revisions\/4968"}],"wp:featuredmedia":[{"embeddable":true,"href":"https:\/\/visit-meknes.com\/fr\/wp-json\/wp\/v2\/media\/4965"}],"wp:attachment":[{"href":"https:\/\/visit-meknes.com\/fr\/wp-json\/wp\/v2\/media?parent=4964"}],"wp:term":[{"taxonomy":"category","embeddable":true,"href":"https:\/\/visit-meknes.com\/fr\/wp-json\/wp\/v2\/categories?post=4964"},{"taxonomy":"post_tag","embeddable":true,"href":"https:\/\/visit-meknes.com\/fr\/wp-json\/wp\/v2\/tags?post=4964"}],"curies":[{"name":"wp","href":"https:\/\/api.w.org\/{rel}","templated":true}]}}