{"id":3110,"date":"2019-04-22T17:05:22","date_gmt":"2019-04-22T17:05:22","guid":{"rendered":"https:\/\/visit-meknes.com\/?p=3110"},"modified":"2019-04-22T17:05:22","modified_gmt":"2019-04-22T17:05:22","slug":"meknes-plus-de-850-000-visiteurs-au-siam-2019","status":"publish","type":"post","link":"https:\/\/visit-meknes.com\/fr\/meknes-plus-de-850-000-visiteurs-au-siam-2019\/","title":{"rendered":"Mekn\u00e8s : Plus de 850 000 visiteurs au SIAM 2019"},"content":{"rendered":"<p>Plus de 850 000 personnes ont visit\u00e9 les diff\u00e9rents p\u00f4les du 14\u00e8me Salon international de l\u2019agriculture au Maroc (SIAM-2019), a annonc\u00e9 le commissaire du Salon, Jaouad Chami. \u00ab La journ\u00e9e de samedi a \u00e9tabli le record d\u2019affluence avec pr\u00e8s de 320 000 personnes \u00bb, a indiqu\u00e9 Chami dans une d\u00e9claration \u00e0 la cl\u00f4ture de la 14\u00e8me \u00e9dition du SIAM. Il a, en outre, not\u00e9 qu\u2019un engouement particulier a \u00e9t\u00e9 constat\u00e9 pour le p\u00f4le des produits du terroir o\u00f9 pas moins de 325 coop\u00e9ratives, principalement f\u00e9minines y ont pris part, avec leurs divers produits. \u00ab Les questionnaires que nous avons re\u00e7u de la part des exposants font \u00e9tat de la vente de l\u2019ensemble des marchandises stock\u00e9es durant la semaine du salon qui intervient \u00e0 la veille du mois sacr\u00e9 de Ramadan, ce qui fait que certaines coop\u00e9ratives ont r\u00e9alis\u00e9 jusqu\u2019\u00e0 80% de leur chiffre d\u2019affaires annuel \u00bb, a pr\u00e9cis\u00e9 le commissaire du SIAM.<\/p>\n<p><img loading=\"lazy\" decoding=\"async\" class=\"\" src=\"http:\/\/www.infomediaire.net\/wp-content\/uploads\/2017\/05\/logoinfomediaireexe-1-300x80.jpg\" width=\"116\" height=\"31\" \/><\/p>\n","protected":false},"excerpt":{"rendered":"<p>Plus de 850 000 personnes ont visit\u00e9 les diff\u00e9rents p\u00f4les du 14\u00e8me Salon international de l\u2019agriculture au Maroc (SIAM-2019), a annonc\u00e9 le commissaire du Salon, Jaouad Chami. \u00ab La journ\u00e9e de samedi a \u00e9tabli le record d\u2019affluence avec pr\u00e8s de 320 000 personnes \u00bb, a indiqu\u00e9 Chami dans une d\u00e9claration \u00e0 la cl\u00f4ture de la<\/p>\n","protected":false},"author":1,"featured_media":3111,"comment_status":"open","ping_status":"open","sticky":false,"template":"","format":"standard","meta":{"footnotes":""},"categories":[6],"tags":[],"_links":{"self":[{"href":"https:\/\/visit-meknes.com\/fr\/wp-json\/wp\/v2\/posts\/3110"}],"collection":[{"href":"https:\/\/visit-meknes.com\/fr\/wp-json\/wp\/v2\/posts"}],"about":[{"href":"https:\/\/visit-meknes.com\/fr\/wp-json\/wp\/v2\/types\/post"}],"author":[{"embeddable":true,"href":"https:\/\/visit-meknes.com\/fr\/wp-json\/wp\/v2\/users\/1"}],"replies":[{"embeddable":true,"href":"https:\/\/visit-meknes.com\/fr\/wp-json\/wp\/v2\/comments?post=3110"}],"version-history":[{"count":1,"href":"https:\/\/visit-meknes.com\/fr\/wp-json\/wp\/v2\/posts\/3110\/revisions"}],"predecessor-version":[{"id":3112,"href":"https:\/\/visit-meknes.com\/fr\/wp-json\/wp\/v2\/posts\/3110\/revisions\/3112"}],"wp:featuredmedia":[{"embeddable":true,"href":"https:\/\/visit-meknes.com\/fr\/wp-json\/wp\/v2\/media\/3111"}],"wp:attachment":[{"href":"https:\/\/visit-meknes.com\/fr\/wp-json\/wp\/v2\/media?parent=3110"}],"wp:term":[{"taxonomy":"category","embeddable":true,"href":"https:\/\/visit-meknes.com\/fr\/wp-json\/wp\/v2\/categories?post=3110"},{"taxonomy":"post_tag","embeddable":true,"href":"https:\/\/visit-meknes.com\/fr\/wp-json\/wp\/v2\/tags?post=3110"}],"curies":[{"name":"wp","href":"https:\/\/api.w.org\/{rel}","templated":true}]}}