{"id":3074,"date":"2019-04-17T18:42:08","date_gmt":"2019-04-17T18:42:08","guid":{"rendered":"https:\/\/visit-meknes.com\/?p=3074"},"modified":"2019-04-17T18:42:08","modified_gmt":"2019-04-17T18:42:08","slug":"maroc-lancement-de-lapplication-mobile-visitmeknes-a-la-veille-de-louverture-du-14e-salon-international-de-lagriculture","status":"publish","type":"post","link":"https:\/\/visit-meknes.com\/fr\/maroc-lancement-de-lapplication-mobile-visitmeknes-a-la-veille-de-louverture-du-14e-salon-international-de-lagriculture\/","title":{"rendered":"MAROC : Lancement de l\u2019application mobile \u00ab VISITMEKNES \u00bb \u00e0 la veille de l\u2019ouverture du 14\u00e8 Salon International de l\u2019Agriculture"},"content":{"rendered":"<p>Lancement de l\u2019application mobile \u00ab VISITMEKNES \u00bb \u00e0 la veille de l\u2019ouverture du 14\u00e8 Salon International de l\u2019Agriculture.<\/p>\n<p>\u00c0 la veille du d\u00e9roulement de la 14\u00e8me \u00e9dition du Salon International de l\u2019Agriculture (SIAM), le Conseil Provincial du Tourisme de Mekn\u00e8s (CPT) vient de proc\u00e9der au lancement de la nouvelle application mobile \u00ab VISITMEKNES \u00bb.<\/p>\n<p>Selon un communiqu\u00e9 du CPT, cette application gratuite permet aux visiteurs d\u2019organiser librement leur s\u00e9jour gr\u00e2ce \u00e0 une offre touristique compl\u00e8te, rassembl\u00e9e autour des itin\u00e9raires et th\u00e9matiques de d\u00e9couverte communs aux trois entit\u00e9s provinciales : Mekn\u00e8s, Moulay Driss Zerhoun et Volubilis. T\u00e9l\u00e9chargeable sur <a href=\"http:\/\/www.alarabetv.com\/archives\/21805\" target=\"_blank\" rel=\"noopener\">&#8230;<\/a><\/p>\n","protected":false},"excerpt":{"rendered":"<p>Lancement de l\u2019application mobile \u00ab VISITMEKNES \u00bb \u00e0 la veille de l\u2019ouverture du 14\u00e8 Salon International de l\u2019Agriculture. \u00c0 la veille du d\u00e9roulement de la 14\u00e8me \u00e9dition du Salon International de l\u2019Agriculture (SIAM), le Conseil Provincial du Tourisme de Mekn\u00e8s (CPT) vient de proc\u00e9der au lancement de la nouvelle application mobile \u00ab VISITMEKNES \u00bb. Selon<\/p>\n","protected":false},"author":1,"featured_media":3075,"comment_status":"open","ping_status":"open","sticky":false,"template":"","format":"standard","meta":{"footnotes":""},"categories":[112],"tags":[],"_links":{"self":[{"href":"https:\/\/visit-meknes.com\/fr\/wp-json\/wp\/v2\/posts\/3074"}],"collection":[{"href":"https:\/\/visit-meknes.com\/fr\/wp-json\/wp\/v2\/posts"}],"about":[{"href":"https:\/\/visit-meknes.com\/fr\/wp-json\/wp\/v2\/types\/post"}],"author":[{"embeddable":true,"href":"https:\/\/visit-meknes.com\/fr\/wp-json\/wp\/v2\/users\/1"}],"replies":[{"embeddable":true,"href":"https:\/\/visit-meknes.com\/fr\/wp-json\/wp\/v2\/comments?post=3074"}],"version-history":[{"count":1,"href":"https:\/\/visit-meknes.com\/fr\/wp-json\/wp\/v2\/posts\/3074\/revisions"}],"predecessor-version":[{"id":3076,"href":"https:\/\/visit-meknes.com\/fr\/wp-json\/wp\/v2\/posts\/3074\/revisions\/3076"}],"wp:featuredmedia":[{"embeddable":true,"href":"https:\/\/visit-meknes.com\/fr\/wp-json\/wp\/v2\/media\/3075"}],"wp:attachment":[{"href":"https:\/\/visit-meknes.com\/fr\/wp-json\/wp\/v2\/media?parent=3074"}],"wp:term":[{"taxonomy":"category","embeddable":true,"href":"https:\/\/visit-meknes.com\/fr\/wp-json\/wp\/v2\/categories?post=3074"},{"taxonomy":"post_tag","embeddable":true,"href":"https:\/\/visit-meknes.com\/fr\/wp-json\/wp\/v2\/tags?post=3074"}],"curies":[{"name":"wp","href":"https:\/\/api.w.org\/{rel}","templated":true}]}}