{"id":3066,"date":"2019-04-16T22:59:47","date_gmt":"2019-04-16T22:59:47","guid":{"rendered":"https:\/\/visit-meknes.com\/?p=3066"},"modified":"2019-04-16T22:59:47","modified_gmt":"2019-04-16T22:59:47","slug":"sar-le-prince-heritier-moulay-el-hassan-preside-a-meknes-louverture-de-la-14-eme-edition-du-salon-international-de-lagriculture-au-maroc","status":"publish","type":"post","link":"https:\/\/visit-meknes.com\/fr\/sar-le-prince-heritier-moulay-el-hassan-preside-a-meknes-louverture-de-la-14-eme-edition-du-salon-international-de-lagriculture-au-maroc\/","title":{"rendered":"SAR le Prince H\u00e9ritier Moulay El Hassan pr\u00e9side \u00e0 Mekn\u00e8s l\u2019ouverture de la 14-\u00e8me \u00e9dition du Salon international de l\u2019agriculture au Maroc"},"content":{"rendered":"<p>Son Altesse Royale le Prince H\u00e9ritier Moulay El Hassan a pr\u00e9sid\u00e9, mardi \u00e0 Sahrij Souani \u00e0 Mekn\u00e8s, l\u2019ouverture de la 14e \u00e9dition du Salon international de l\u2019agriculture au Maroc (SIAM-2019), organis\u00e9e du 16 au 21 avril sous le Haut patronage de SM le Roi Mohammed VI, autour du th\u00e8me \u201cl\u2019agriculture, levier d\u2019emploi et avenir du monde rural\u201d.<\/p>\n<p>Au d\u00e9but de la c\u00e9r\u00e9monie d\u2019ouverture, SAR le Prince H\u00e9ritier Moulay El Hassan a proc\u00e9d\u00e9 \u00e0 la remise des signes distinctifs d\u2019origine et de qualit\u00e9 \u00e0 quatre agriculteurs producteurs.<\/p>\n<p>Ainsi, Son Altesse Royale a remis les signes distinctifs d\u2019origine et de qualit\u00e9 \u00e0 MM. Abbas Mustapha, pr\u00e9sident du Groupement d\u2019int\u00e9r\u00eat \u00e9conomique (GIE) \u201cOasis de Figuig\u201d (dattes), Mohamed Ait Aiyad, pr\u00e9sident de l\u2019association agricole provinciale El Haouz sp\u00e9cialis\u00e9e en valorisation des noix, Abderrahman Outaleb, pr\u00e9sident de la coop\u00e9rative agricole de Dait Aoua (province d\u2019Ifrane) et El Yajiji Mustapha, pr\u00e9sident de l\u2019union vert (groupement d\u2019int\u00e9r\u00eat \u00e9conomique et \u00e9cologique) pour la valorisation des figues \u00e0 Oulad Frej.<\/p>\n<p>A l\u2019entr\u00e9e du Salon, Son Altesse Royale a \u00e9t\u00e9 salu\u00e9 par M. Bernard Lehman, Directeur de l\u2019Office f\u00e9d\u00e9ral suisse de l\u2019Agriculture (pays invit\u00e9 d\u2019honneur), M. Dossouhoui Cossi Gaston, ministre de l\u2019Agriculture, de l\u2019\u00e9levage et de la p\u00eache du B\u00e9nin, M. Rumen Porodzanov, ministre de l\u2019Agriculture, de l\u2019alimentation et des for\u00eats du Bulgarie, M. Henri Djombo, ministre d\u2019Etat, ministre de l\u2019Agriculture, de l\u2019\u00e9levage et de la p\u00eache du Congo Brazzaville.<\/p>\n<p>SAR le Prince H\u00e9ritier Moulay El Hassan a \u00e9galement \u00e9t\u00e9 salu\u00e9 par M. Kobenan Kouassi Adjoumani, ministre des Ressources animales et halieutiques de C\u00f4te d\u2019Ivoire, M. Biendi Maganga Moussavou, ministre de l\u2019Agriculture, de l\u2019\u00e9levage et de l\u2019alimentation charg\u00e9 de la mise en \u0153uvre du programme graine du Gabon, M. Roger Patrick Millimono, ministre de l\u2019Elevage de la Guin\u00e9e Conakry, Dr Mogana Flomo, ministre de l\u2019Agriculture du Lib\u00e9ria, M. Mohamed Boucha, ministre d\u00e9l\u00e9gu\u00e9 aupr\u00e8s du ministre d\u2019Etat, ministre de l\u2019Agriculture et de l\u2019\u00e9levage du Niger, M. Ali Bety, ministre haut-commissaire \u00e0 l\u2019initiative \u201c3N\u201d du Niger, Mme Lydie Beassemda, ministre de la production, de l\u2019irrigation et des \u00e9quipements agricoles du Tchad et M. Michael St\u00fcbgen, parlementaire, secr\u00e9taire d\u2019Etat allemand.<\/p>\n<p>Par la suite, Son Altesse Royale le Prince H\u00e9ritier Moulay El Hassan a visit\u00e9 les diff\u00e9rents p\u00f4les du Salon et suivi des explications sur les produits expos\u00e9s aux p\u00f4les \u201cR\u00e9gions\u201d, \u201cAgriculture Maroc\u201d, \u201cSponsors et institutionnels\u201d, \u201cProduits de terroir\u201d, \u201cProvendiers\u2019\u2019 et \u2018\u2019Elevage\u201d, \u201dInternational\u201d,\u201cAgro-fournitures\u201d, \u201cProduits agricoles\u201d et \u201cNature et vie\u201d.<\/p>\n<p>Son Altesse Royale a aussi visit\u00e9 le p\u00f4le \u201cConf\u00e9rences\u201d h\u00e9bergeant le forum du Cr\u00e9dit agricole du Maroc, en faveur de l\u2019entreprenariat des jeunes en milieu rural.<\/p>\n<p>Le SIAM constitue un rendez-vous annuel incontournable pour pr\u00e9senter les avanc\u00e9es du Maroc dans le domaine agricole et confirmer le r\u00f4le crucial que joue l\u2019agriculture en tant qu\u2019un des leviers majeurs de la croissance \u00e9conomique.<\/p>\n<p>D\u00e9ploy\u00e9 sur une superficie de 185.000 m\u00b2 dont 95.000 m\u00b2 couverts, ce Salon, qui conna\u00eet la participation de 1.500 exposants de 60 pays, est l\u2019occasion propice de d\u00e9battre de plusieurs questions en lien avec l\u2019agriculture marocaine, notamment les moyens de promouvoir l\u2019emploi dans le monde rural, conform\u00e9ment aux Hautes Orientations de SM le Roi Mohammed VI.<\/p>\n<p><img loading=\"lazy\" decoding=\"async\" class=\"\" src=\"http:\/\/www.mapexpress.ma\/wp-content\/themes\/map-v2\/images\/v2\/logo.png\" alt=\"Map Express - Logo\" width=\"263\" height=\"35\" \/><\/p>\n","protected":false},"excerpt":{"rendered":"<p>Son Altesse Royale le Prince H\u00e9ritier Moulay El Hassan a pr\u00e9sid\u00e9, mardi \u00e0 Sahrij Souani \u00e0 Mekn\u00e8s, l\u2019ouverture de la 14e \u00e9dition du Salon international de l\u2019agriculture au Maroc (SIAM-2019), organis\u00e9e du 16 au 21 avril sous le Haut patronage de SM le Roi Mohammed VI, autour du th\u00e8me \u201cl\u2019agriculture, levier d\u2019emploi et avenir du<\/p>\n","protected":false},"author":1,"featured_media":3067,"comment_status":"open","ping_status":"open","sticky":false,"template":"","format":"standard","meta":{"footnotes":""},"categories":[6],"tags":[],"_links":{"self":[{"href":"https:\/\/visit-meknes.com\/fr\/wp-json\/wp\/v2\/posts\/3066"}],"collection":[{"href":"https:\/\/visit-meknes.com\/fr\/wp-json\/wp\/v2\/posts"}],"about":[{"href":"https:\/\/visit-meknes.com\/fr\/wp-json\/wp\/v2\/types\/post"}],"author":[{"embeddable":true,"href":"https:\/\/visit-meknes.com\/fr\/wp-json\/wp\/v2\/users\/1"}],"replies":[{"embeddable":true,"href":"https:\/\/visit-meknes.com\/fr\/wp-json\/wp\/v2\/comments?post=3066"}],"version-history":[{"count":1,"href":"https:\/\/visit-meknes.com\/fr\/wp-json\/wp\/v2\/posts\/3066\/revisions"}],"predecessor-version":[{"id":3068,"href":"https:\/\/visit-meknes.com\/fr\/wp-json\/wp\/v2\/posts\/3066\/revisions\/3068"}],"wp:featuredmedia":[{"embeddable":true,"href":"https:\/\/visit-meknes.com\/fr\/wp-json\/wp\/v2\/media\/3067"}],"wp:attachment":[{"href":"https:\/\/visit-meknes.com\/fr\/wp-json\/wp\/v2\/media?parent=3066"}],"wp:term":[{"taxonomy":"category","embeddable":true,"href":"https:\/\/visit-meknes.com\/fr\/wp-json\/wp\/v2\/categories?post=3066"},{"taxonomy":"post_tag","embeddable":true,"href":"https:\/\/visit-meknes.com\/fr\/wp-json\/wp\/v2\/tags?post=3066"}],"curies":[{"name":"wp","href":"https:\/\/api.w.org\/{rel}","templated":true}]}}