{"id":3058,"date":"2019-04-15T20:16:13","date_gmt":"2019-04-15T20:16:13","guid":{"rendered":"https:\/\/visit-meknes.com\/?p=3058"},"modified":"2019-04-15T20:16:32","modified_gmt":"2019-04-15T20:16:32","slug":"meknes-vernissage-dune-exposition-de-photos-sur-les-projets-de-developpement-sous-feu-sm-hassan-ii","status":"publish","type":"post","link":"https:\/\/visit-meknes.com\/fr\/meknes-vernissage-dune-exposition-de-photos-sur-les-projets-de-developpement-sous-feu-sm-hassan-ii\/","title":{"rendered":"Mekn\u00e8s: Vernissage d\u2019une exposition de photos sur les projets de d\u00e9veloppement sous Feu SM Hassan II"},"content":{"rendered":"<p>Le vernissage d\u2019une exposition de photos historiques sur les projets socio-\u00e9conomiques, r\u00e9alis\u00e9s sous le r\u00e8gne de Feu SM le Roi Hassan II, a eu lieu vendredi \u00e0 la Maison de la culture Mohamed Mennouni \u00e0 Mekn\u00e8s, en pr\u00e9sence du ministre de la Culture et de la communication, Mohamed La\u00e2raj.<\/p>\n<p>Selon un communiqu\u00e9 du minist\u00e8re de la Culture et de la communication, cette exposition est organis\u00e9e \u00e0 l\u2019occasion de la 23\u00e8me \u00e9dition de l\u2019Universit\u00e9 Moulay Ali Ch\u00e9rif, tenue sous le Haut patronage de SM le Roi Mohammed VI sous le th\u00e8me \u201cla vie \u00e9conomique et sociale au Maroc sous le R\u00e8gne de Feu Sa Majest\u00e9 le Roi Hassan II\u201d.<\/p>\n<p>Cette exposition comprend 33 photos en blanc et noir illustrant des acquis r\u00e9alis\u00e9s sous le r\u00e8gne de Feu SM Hassan II dans divers domaines tels que l\u2019agriculture, l\u2019industrie, les infrastructures, ainsi que la chose religieuse et la condition de la femme marocaine, pr\u00e9cise le communiqu\u00e9.<\/p>\n<p>L\u2019exposition vise \u00e0 relier le pr\u00e9sent au pass\u00e9 pour permettre \u00e0 la g\u00e9n\u00e9ration actuelle de conna\u00eetre les projets r\u00e9alis\u00e9s durant les quatre d\u00e9cennies du r\u00e8gne de Feu SM Hassan II (1961-1999).<\/p>\n<p>Ce vernissage s\u2019est d\u00e9roul\u00e9 en pr\u00e9sence de l\u2019historiographe du Royaume et pr\u00e9sident du comit\u00e9 scientifique de l\u2019Universit\u00e9 Moulay Ali Ch\u00e9rif, Abdelhak Lamrini et le gouverneur de la pr\u00e9fecture de Mekn\u00e8s, Abdelghani Sebbar.<\/p>\n","protected":false},"excerpt":{"rendered":"<p>Le vernissage d\u2019une exposition de photos historiques sur les projets socio-\u00e9conomiques, r\u00e9alis\u00e9s sous le r\u00e8gne de Feu SM le Roi Hassan II, a eu lieu vendredi \u00e0 la Maison de la culture Mohamed Mennouni \u00e0 Mekn\u00e8s, en pr\u00e9sence du ministre de la Culture et de la communication, Mohamed La\u00e2raj. Selon un communiqu\u00e9 du minist\u00e8re de<\/p>\n","protected":false},"author":1,"featured_media":3059,"comment_status":"open","ping_status":"open","sticky":false,"template":"","format":"standard","meta":{"footnotes":""},"categories":[70,6],"tags":[],"_links":{"self":[{"href":"https:\/\/visit-meknes.com\/fr\/wp-json\/wp\/v2\/posts\/3058"}],"collection":[{"href":"https:\/\/visit-meknes.com\/fr\/wp-json\/wp\/v2\/posts"}],"about":[{"href":"https:\/\/visit-meknes.com\/fr\/wp-json\/wp\/v2\/types\/post"}],"author":[{"embeddable":true,"href":"https:\/\/visit-meknes.com\/fr\/wp-json\/wp\/v2\/users\/1"}],"replies":[{"embeddable":true,"href":"https:\/\/visit-meknes.com\/fr\/wp-json\/wp\/v2\/comments?post=3058"}],"version-history":[{"count":1,"href":"https:\/\/visit-meknes.com\/fr\/wp-json\/wp\/v2\/posts\/3058\/revisions"}],"predecessor-version":[{"id":3060,"href":"https:\/\/visit-meknes.com\/fr\/wp-json\/wp\/v2\/posts\/3058\/revisions\/3060"}],"wp:featuredmedia":[{"embeddable":true,"href":"https:\/\/visit-meknes.com\/fr\/wp-json\/wp\/v2\/media\/3059"}],"wp:attachment":[{"href":"https:\/\/visit-meknes.com\/fr\/wp-json\/wp\/v2\/media?parent=3058"}],"wp:term":[{"taxonomy":"category","embeddable":true,"href":"https:\/\/visit-meknes.com\/fr\/wp-json\/wp\/v2\/categories?post=3058"},{"taxonomy":"post_tag","embeddable":true,"href":"https:\/\/visit-meknes.com\/fr\/wp-json\/wp\/v2\/tags?post=3058"}],"curies":[{"name":"wp","href":"https:\/\/api.w.org\/{rel}","templated":true}]}}