{"id":3041,"date":"2019-04-08T23:55:45","date_gmt":"2019-04-08T23:55:45","guid":{"rendered":"https:\/\/visit-meknes.com\/?p=3041"},"modified":"2019-04-08T23:55:45","modified_gmt":"2019-04-08T23:55:45","slug":"meknes-abritera-le-salon-international-de-lagriculture","status":"publish","type":"post","link":"https:\/\/visit-meknes.com\/fr\/meknes-abritera-le-salon-international-de-lagriculture\/","title":{"rendered":"Mekn\u00e8s abritera le Salon international de l\u2019agriculture"},"content":{"rendered":"<p>La ville de Mekn\u00e8s, va accueillir, du 16 au 21 avril, la 14\u00e8 \u00e9dition du Salon International de l\u2019Agriculture (SIAM), sous le th\u00e8me \u201cL\u2019agriculture, levier d\u2019emploi et avenir du monde rural\u201d, rapportent des m\u00e9dias locaux.<\/p>\n<p>Le SIAM, devrait accueillir 1 500 exposants repr\u00e9sentant 60 pays participants, fait savoir l\u2019Association du SIAM dans un communiqu\u00e9, notant qu\u2019un million de visiteurs sont \u00e9galement attendus.<\/p>\n<p>Le Salon est organis\u00e9 autour de 10 p\u00f4les diff\u00e9rents et va abriter 300 conf\u00e9rences sur les diff\u00e9rentes th\u00e9matiques li\u00e9es \u00e0 l\u2019actualit\u00e9 agricole, ajoutant que les visiteurs du SIAM auront l\u2019occasion de d\u00e9couvrir des concours des diff\u00e9rentes races au p\u00f4le \u00c9levage, des animations Ring &amp; Show \u00e9questre ainsi que plusieurs autres animations.<\/p>\n<p>Le Maroc, qui est \u00e9galement leader de la production agroalimentaire, accorde une grande importance \u00e0 la recherche et d\u00e9veloppement et y consacre chaque ann\u00e9e plus de 18,5 milliards de franc suisse CHF (pr\u00e8s de 180 milliards de dirhams), soit pr\u00e8s de 3% de son PIB.<\/p>\n","protected":false},"excerpt":{"rendered":"<p>La ville de Mekn\u00e8s, va accueillir, du 16 au 21 avril, la 14\u00e8 \u00e9dition du Salon International de l\u2019Agriculture (SIAM), sous le th\u00e8me \u201cL\u2019agriculture, levier d\u2019emploi et avenir du monde rural\u201d, rapportent des m\u00e9dias locaux. Le SIAM, devrait accueillir 1 500 exposants repr\u00e9sentant 60 pays participants, fait savoir l\u2019Association du SIAM dans un communiqu\u00e9, notant<\/p>\n","protected":false},"author":1,"featured_media":3042,"comment_status":"open","ping_status":"open","sticky":false,"template":"","format":"standard","meta":{"footnotes":""},"categories":[70,6],"tags":[],"_links":{"self":[{"href":"https:\/\/visit-meknes.com\/fr\/wp-json\/wp\/v2\/posts\/3041"}],"collection":[{"href":"https:\/\/visit-meknes.com\/fr\/wp-json\/wp\/v2\/posts"}],"about":[{"href":"https:\/\/visit-meknes.com\/fr\/wp-json\/wp\/v2\/types\/post"}],"author":[{"embeddable":true,"href":"https:\/\/visit-meknes.com\/fr\/wp-json\/wp\/v2\/users\/1"}],"replies":[{"embeddable":true,"href":"https:\/\/visit-meknes.com\/fr\/wp-json\/wp\/v2\/comments?post=3041"}],"version-history":[{"count":1,"href":"https:\/\/visit-meknes.com\/fr\/wp-json\/wp\/v2\/posts\/3041\/revisions"}],"predecessor-version":[{"id":3043,"href":"https:\/\/visit-meknes.com\/fr\/wp-json\/wp\/v2\/posts\/3041\/revisions\/3043"}],"wp:featuredmedia":[{"embeddable":true,"href":"https:\/\/visit-meknes.com\/fr\/wp-json\/wp\/v2\/media\/3042"}],"wp:attachment":[{"href":"https:\/\/visit-meknes.com\/fr\/wp-json\/wp\/v2\/media?parent=3041"}],"wp:term":[{"taxonomy":"category","embeddable":true,"href":"https:\/\/visit-meknes.com\/fr\/wp-json\/wp\/v2\/categories?post=3041"},{"taxonomy":"post_tag","embeddable":true,"href":"https:\/\/visit-meknes.com\/fr\/wp-json\/wp\/v2\/tags?post=3041"}],"curies":[{"name":"wp","href":"https:\/\/api.w.org\/{rel}","templated":true}]}}