{"id":3038,"date":"2019-04-08T23:52:46","date_gmt":"2019-04-08T23:52:46","guid":{"rendered":"https:\/\/visit-meknes.com\/?p=3038"},"modified":"2019-04-08T23:52:46","modified_gmt":"2019-04-08T23:52:46","slug":"nous-nous-acheminons-vers-un-avenir-heureux-pour-le-cinema-danimation","status":"publish","type":"post","link":"https:\/\/visit-meknes.com\/fr\/nous-nous-acheminons-vers-un-avenir-heureux-pour-le-cinema-danimation\/","title":{"rendered":"\u00abNous nous acheminons vers un avenir heureux pour le cin\u00e9ma d\u2019animation\u00bb"},"content":{"rendered":"<div class=\"single-post-excerpt post-excerpt-bc\">\n<p><em><strong>DIRECTEUR ARTISTIQUE DU FICAM, MOHAMED BEYOUD EST UN MILITANT DU CIN\u00c9MA D\u2019ANIMATION DES PLUS ACHARN\u00c9S. FORT DE SON EXP\u00c9RIENCE DANS LE FICAM, MAIS \u00c9GALEMENT EN TANT QUE MEMBRE DU JURY LONG M\u00c9TRAGE, PUIS DU PRIX ANDR\u00c9 MARTIN AU PRESTIGIEUX FESTIVAL D\u2019ANNECY, IL PARTAGE AVEC NOUS LA VISION DU FICAM POUR L\u2019AVENIR DU CIN\u00c9MA D\u2019ANIMATION AU MAROC.<\/strong><\/em><\/p>\n<\/div>\n<div class=\"entry-content clearfix single-post-content\">\n<p><strong>Et si on parlait du bilan des 18 ans du FICAM ?<\/strong><br \/>\nJe pense que, dans l\u2019absolu, tout est perfectible \u00e9videmment. Mais, au FICAM, nous n\u2019avons jamais cess\u00e9 de nous remettre en question, afin de nous am\u00e9liorer. Je pense que \u00e7a se ressent aujourd\u2019hui, puisqu\u2019on a atteint un certain niveau d\u2019organisation et de programmation qui n\u2019est pas des moindres. Surtout en comparaison avec les grands festivals dans le monde, en particulier le festival d\u2019Annecy qui est la Mecque du cin\u00e9ma d\u2019animation. Nous n\u2019inventons pas la roue. Nous nous inspirons des meilleurs, tout en gardant la sp\u00e9cificit\u00e9 marocaine, dans un contexte o\u00f9 il n\u2019y a pas beaucoup de salles de cin\u00e9ma, o\u00f9 les gens ne paient plus pour voir des films au grand \u00e9cran.<\/p>\n<p><strong>Pourtant le th\u00e9\u00e2tre de l\u2019IF est, \u00e0 chaque fois, noir de monde\u2026<\/strong><br \/>\nEt les gens paient pour assister au film. C\u2019est l\u00e0 une politique que l\u2019on a d\u00e9cid\u00e9 d\u00e8s le d\u00e9part, car la culture se paie et se m\u00e9rite. Evidemment, le tarif est symbolique et nous offrons des gratuit\u00e9s, mais de fa\u00e7on intelligente.<br \/>\nNous offrons des places \u00e0 un public qui s\u2019int\u00e9resse vraiment, que ce soit des \u00e9tudiants ou des associations qui font un travail d\u2019\u00e9veil culturel sur le cin\u00e9ma d\u2019animation. Pour le film \u00abZero Impunity\u00bb par exemple, Fr\u00e8re St\u00e9phane, qui travaille au centre Saint Antoine avec les gens de la vieille m\u00e9dina de Mekn\u00e8s, a r\u00e9alis\u00e9 un travail d\u2019encadrement en amont pour expliquer la th\u00e9matique du film.<\/p>\n<p><strong>En effet, Il y a une diversit\u00e9 dans le public.\u00a0<\/strong><br \/>\nC\u2019est l\u2019une des plus grandes fiert\u00e9s du FICAM. Parce qu\u2019il y a eu un r\u00e9el travail pour toucher le ou les publics. D\u2019abord, il y a des jeunes et des adultes. Ceux-l\u00e0 m\u00eames qui d\u00e9posaient leurs enfants \u00e0 l\u2019entr\u00e9e de l\u2019IF et les r\u00e9cup\u00e9raient \u00e0 la sortie prennent aujourd\u2019hui leur ticket pour assister aux films. Il y a des films r\u00e9serv\u00e9s aux adultes qui font salle comble, comme vous l\u2019avez vu, parce qu\u2019ils ont compris qu\u2019il ne s\u2019agit pas d\u2019un festival pour enfants. Ensuite, on fait tout pour toucher un public qui n\u2019est pas habituel de l\u2019IF et cela sera davantage possible et efficace, lorsqu\u2019on pourra investir dans d\u2019autres lieux de la ville.<\/p>\n<p><strong>Et donc vous voulez cr\u00e9er un public pour le cin\u00e9ma d\u2019animation ?\u00a0<\/strong><br \/>\nTout \u00e0 fait. D\u2019ailleurs, un cumul de connaissances en mati\u00e8re de cin\u00e9ma d\u2019animation se ressent dans la qualit\u00e9 des d\u00e9bats et des interventions du public. Les invit\u00e9s en sont toujours agr\u00e9ablement surpris. D\u2019autre part, on n\u2019aurait pas pu projeter les documentaires d\u2019animation, auparavant, parce que le public ne disposait pas encore des outils pour les accueillir.<br \/>\nLes le\u00e7ons de cin\u00e9ma, les making of, les work in progress\u2026 Tout cela contribue \u00e0 \u00e9largir les connaissances du public, surtout la nouvelle g\u00e9n\u00e9ration qui est \u00e0 m\u00eame de s\u2019int\u00e9resser de plus pr\u00e8s au cin\u00e9ma d\u2019animation et de donner, dans le futur, des auteurs et des r\u00e9alisateurs.<\/p>\n<p><strong>Mais alors o\u00f9 vont se former ces jeunes ?<\/strong><br \/>\nC\u2019est l\u00e0 un r\u00eave que nous nourrissons depuis toujours: lancer une fili\u00e8re animation \u00e0 Mekn\u00e8s, pour former de jeunes artistes. A ce titre, je tiens \u00e0 rendre hommage \u00e0 Mardoch\u00e9e Devico, pr\u00e9sident de la Fondation A\u00efcha, qui porte ce projet \u00e0 c\u0153ur et d\u00e9sire faire de Mekn\u00e8s l\u2019Angoul\u00eame du Maroc. Il y a, donc, des contacts entrepris en ce sens, au Maroc et \u00e0 l\u2019\u00e9tranger. Sinc\u00e8rement, je pense qu\u2019il faut encore du temps et du travail, mais que nous nous acheminons vers un avenir heureux pour le cin\u00e9ma d\u2019animation au Maroc.<\/p>\n<\/div>\n","protected":false},"excerpt":{"rendered":"<p>DIRECTEUR ARTISTIQUE DU FICAM, MOHAMED BEYOUD EST UN MILITANT DU CIN\u00c9MA D\u2019ANIMATION DES PLUS ACHARN\u00c9S. FORT DE SON EXP\u00c9RIENCE DANS LE FICAM, MAIS \u00c9GALEMENT EN TANT QUE MEMBRE DU JURY LONG M\u00c9TRAGE, PUIS DU PRIX ANDR\u00c9 MARTIN AU PRESTIGIEUX FESTIVAL D\u2019ANNECY, IL PARTAGE AVEC NOUS LA VISION DU FICAM POUR L\u2019AVENIR DU CIN\u00c9MA D\u2019ANIMATION AU<\/p>\n","protected":false},"author":1,"featured_media":3039,"comment_status":"open","ping_status":"open","sticky":false,"template":"","format":"standard","meta":{"footnotes":""},"categories":[70,6],"tags":[],"_links":{"self":[{"href":"https:\/\/visit-meknes.com\/fr\/wp-json\/wp\/v2\/posts\/3038"}],"collection":[{"href":"https:\/\/visit-meknes.com\/fr\/wp-json\/wp\/v2\/posts"}],"about":[{"href":"https:\/\/visit-meknes.com\/fr\/wp-json\/wp\/v2\/types\/post"}],"author":[{"embeddable":true,"href":"https:\/\/visit-meknes.com\/fr\/wp-json\/wp\/v2\/users\/1"}],"replies":[{"embeddable":true,"href":"https:\/\/visit-meknes.com\/fr\/wp-json\/wp\/v2\/comments?post=3038"}],"version-history":[{"count":1,"href":"https:\/\/visit-meknes.com\/fr\/wp-json\/wp\/v2\/posts\/3038\/revisions"}],"predecessor-version":[{"id":3040,"href":"https:\/\/visit-meknes.com\/fr\/wp-json\/wp\/v2\/posts\/3038\/revisions\/3040"}],"wp:featuredmedia":[{"embeddable":true,"href":"https:\/\/visit-meknes.com\/fr\/wp-json\/wp\/v2\/media\/3039"}],"wp:attachment":[{"href":"https:\/\/visit-meknes.com\/fr\/wp-json\/wp\/v2\/media?parent=3038"}],"wp:term":[{"taxonomy":"category","embeddable":true,"href":"https:\/\/visit-meknes.com\/fr\/wp-json\/wp\/v2\/categories?post=3038"},{"taxonomy":"post_tag","embeddable":true,"href":"https:\/\/visit-meknes.com\/fr\/wp-json\/wp\/v2\/tags?post=3038"}],"curies":[{"name":"wp","href":"https:\/\/api.w.org\/{rel}","templated":true}]}}