{"id":3026,"date":"2019-03-28T22:00:14","date_gmt":"2019-03-28T22:00:14","guid":{"rendered":"https:\/\/visit-meknes.com\/?p=3026"},"modified":"2019-03-28T22:00:14","modified_gmt":"2019-03-28T22:00:14","slug":"le-ficam-devoile-son-palmares-2019","status":"publish","type":"post","link":"https:\/\/visit-meknes.com\/fr\/le-ficam-devoile-son-palmares-2019\/","title":{"rendered":"Le FICAM d\u00e9voile son palmar\u00e8s 2019"},"content":{"rendered":"<h4>\u00ab\u00a0<em>Le jour Extraordinaire<\/em>\u00ab\u00a0, grand vainqueur de cette 18e \u00e9dition.<\/h4>\n<p>Le FICAM 2019, c\u2019est fini. Hier soir le Festival International du cin\u00e9ma d\u2019animation de Mekn\u00e8s a pris fin apr\u00e8s 6 jours de projections, rencontres et ateliers. Une c\u00e9r\u00e9monie de cl\u00f4ture durant laquelle a \u00e9t\u00e9 prim\u00e9 le film \u201cLe jour Extraordinaire\u201d, court-m\u00e9trage de Joanna Lurie dans la cat\u00e9gorie Courts-Compet\u2019.<\/p>\n<p>Une cat\u00e9gorie pr\u00e9sid\u00e9e par le r\u00e9alisateur n\u00e9erlandais, nomm\u00e9 en 2016 \u00e0 l\u2019Oscar du meilleur film d\u2019animation pour \u201cLa tortue rouge\u201d, et compos\u00e9 de l\u2019actrice marocaine Samia Akariou et Marc du Pontavice, Pr\u00e9sident de Xilam Animation.<\/p>\n<p>Dans ce court-m\u00e9trage, \u201cdes villageois traversent des \u00e9tendues d\u2019eau aussi vastes que p\u00e9rilleuses, dans des coquilles de noix, pour accompagner leurs morts \u00e0 destination \u2026 l\u00e0 o\u00f9 la mer et le ciel se rencontrent\u201d, explique la jeune cin\u00e9aste sur son site.<\/p>\n<p style=\"text-align: center;\"><iframe loading=\"lazy\" src=\"https:\/\/player.vimeo.com\/video\/265919223\" width=\"640\" height=\"360\" frameborder=\"0\" allowfullscreen=\"allowfullscreen\"><\/iframe><\/p>\n<p>La \u201cMention sp\u00e9ciale du jury\u201d est revenue au film \u201cJe sors acheter des Cigarettes\u201d d\u2019Osman Cerfon.<\/p>\n<p style=\"text-align: center;\"><iframe loading=\"lazy\" src=\"https:\/\/player.vimeo.com\/video\/292255202\" width=\"640\" height=\"360\" frameborder=\"0\" allowfullscreen=\"allowfullscreen\"><\/iframe><\/p>\n<p>Le Prix du Public a lui \u00e9t\u00e9 d\u00e9cern\u00e9 \u00e0 \u201cRoughhouse\u201d de Jonathan Hodgson.<\/p>\n<p style=\"text-align: center;\"><iframe loading=\"lazy\" src=\"https:\/\/www.youtube.com\/embed\/T9_DN_TzIrw\" width=\"640\" height=\"360\" frameborder=\"0\" allowfullscreen=\"allowfullscreen\"><span data-mce-type=\"bookmark\" style=\"display: inline-block; width: 0px; overflow: hidden; line-height: 0;\" class=\"mce_SELRES_start\">\ufeff<\/span><\/iframe><\/p>\n<p>Le court-m\u00e9trage \u201cMy Little Goat\u201d de Tomoki Misato a re\u00e7u le prix du Meilleur film \u00e9tudiant. \u201cVermine\u201d de J\u00e9r\u00e9mie Becquer et \u201cThe Ostrich Politic\u201d de Mohamad Houhou se sont quant \u00e0 eux vus d\u00e9cerner le Prix Ex-aequo du Jury Junior.<\/p>\n<p style=\"text-align: center;\"><iframe loading=\"lazy\" src=\"https:\/\/player.vimeo.com\/video\/268403843\" width=\"640\" height=\"360\" frameborder=\"0\" allowfullscreen=\"allowfullscreen\"><\/iframe><\/p>\n<p style=\"text-align: center;\"><iframe loading=\"lazy\" src=\"https:\/\/player.vimeo.com\/video\/254281205\" width=\"640\" height=\"360\" frameborder=\"0\" allowfullscreen=\"allowfullscreen\"><\/iframe><br \/>\n<iframe loading=\"lazy\" src=\"https:\/\/www.youtube.com\/embed\/5HEN37zhcGA\" width=\"640\" height=\"360\" frameborder=\"0\" allowfullscreen=\"allowfullscreen\"><span data-mce-type=\"bookmark\" style=\"display: inline-block; width: 0px; overflow: hidden; line-height: 0;\" class=\"mce_SELRES_start\">\ufeff<\/span><\/iframe><\/p>\n<p>Le Jury Junior du Longs-Compet\u2019 a accord\u00e9 de son c\u00f4t\u00e9 le prix du Meilleur long-m\u00e9trage \u00e0 \u201cTito et les oiseaux\u201d de Gustavo Steinberg.<\/p>\n<p style=\"text-align: center;\"><iframe loading=\"lazy\" src=\"https:\/\/www.youtube.com\/embed\/3-zUNwriZCs\" width=\"640\" height=\"360\" frameborder=\"0\" allowfullscreen=\"allowfullscreen\"><\/iframe><\/p>\n<p>Quant au prix du Public, il est revenu \u00e0 Kitar\u00f4 K\u00f4saka pour son film \u201cOkko et les fant\u00f4mes\u201d.<\/p>\n<p style=\"text-align: center;\"><iframe loading=\"lazy\" src=\"https:\/\/www.youtube.com\/embed\/7NuYfbgSBjY\" width=\"640\" height=\"360\" frameborder=\"0\" allowfullscreen=\"allowfullscreen\"><\/iframe><\/p>\n<p>Enfin, le court-m\u00e9trage d\u2019animation Jeune public \u201cPrix Jeunesse TV5 Monde\u201d a \u00e9t\u00e9 d\u00e9cern\u00e9, par un jury compos\u00e9 d\u2019\u00e9l\u00e8ves, \u00e0 Nolwenn Roberts pour son film \u201cLe r\u00eave de Sam\u201d.<\/p>\n<p style=\"text-align: center;\"><iframe loading=\"lazy\" src=\"https:\/\/player.vimeo.com\/video\/289067489\" width=\"640\" height=\"360\" frameborder=\"0\" allowfullscreen=\"allowfullscreen\"><span data-mce-type=\"bookmark\" style=\"display: inline-block; width: 0px; overflow: hidden; line-height: 0;\" class=\"mce_SELRES_start\">\ufeff<\/span><\/iframe><\/p>\n<p>Durant la c\u00e9r\u00e9monie de cl\u00f4ture, les spectateurs ont \u00e9galement pu appr\u00e9cier le court-m\u00e9trage du laur\u00e9at 2018 du Grand Prix A\u00efcha, \u201cAmour paternel\u201d d\u2019Abderrahman Kandili. Ce dernier faisait \u00e9galement partie des 6 jeunes accueillis \u00e0 la r\u00e9sidence d\u2019\u00e9criture du FICAM \u00e0 Mekn\u00e8s.<\/p>\n<p><strong>30.000 visiteurs, 160 \u00e9tudiants, 50 fictions<\/strong><br \/>\nCette ann\u00e9e encore, de grands noms du cin\u00e9ma d\u2019animation international s\u2019y sont donn\u00e9s rendez-vous et sont all\u00e9s \u00e0 la rencontre du public mais aussi des nombreux \u00e9tudiants pr\u00e9sents cette ann\u00e9e encore. Parmi eux, l\u2019Am\u00e9ricain Peter de S\u00e8ve (L\u2019\u00e2ge de glace) ou encore les Fran\u00e7ais Michel Ocelot (Kirikou et la sorci\u00e8re, Dilili \u00e0 Paris&#8230;) et Didier Brunner (producteur d\u2019Ernest et Celestine, Les triplettes de Belleville, Kirikou et la sorci\u00e8re,&#8230;).<\/p>\n<p>Le FICAM, c\u2019est 30.000 visiteurs par an, dont 160 \u00e9tudiants, 50 fictions projet\u00e9es et 15 nationalit\u00e9s repr\u00e9sent\u00e9es. \u201cOn est tr\u00e8s loin des 8 films pr\u00e9sent\u00e9s pour notre premi\u00e8re \u00e9dition\u201d, avait d\u00e9clar\u00e9 la directrice de l\u2019Institut de Fran\u00e7ais de Mekn\u00e8s, Lyliane Dos Santos, lors de la c\u00e9r\u00e9monie d\u2019ouverture.<\/p>\n<p><strong>huffpostmaghreb.com<\/strong><\/p>\n","protected":false},"excerpt":{"rendered":"<p>\u00ab\u00a0Le jour Extraordinaire\u00ab\u00a0, grand vainqueur de cette 18e \u00e9dition. Le FICAM 2019, c\u2019est fini. Hier soir le Festival International du cin\u00e9ma d\u2019animation de Mekn\u00e8s a pris fin apr\u00e8s 6 jours de projections, rencontres et ateliers. Une c\u00e9r\u00e9monie de cl\u00f4ture durant laquelle a \u00e9t\u00e9 prim\u00e9 le film \u201cLe jour Extraordinaire\u201d, court-m\u00e9trage de Joanna Lurie dans la<\/p>\n","protected":false},"author":1,"featured_media":3027,"comment_status":"open","ping_status":"open","sticky":false,"template":"","format":"standard","meta":{"footnotes":""},"categories":[6],"tags":[],"_links":{"self":[{"href":"https:\/\/visit-meknes.com\/fr\/wp-json\/wp\/v2\/posts\/3026"}],"collection":[{"href":"https:\/\/visit-meknes.com\/fr\/wp-json\/wp\/v2\/posts"}],"about":[{"href":"https:\/\/visit-meknes.com\/fr\/wp-json\/wp\/v2\/types\/post"}],"author":[{"embeddable":true,"href":"https:\/\/visit-meknes.com\/fr\/wp-json\/wp\/v2\/users\/1"}],"replies":[{"embeddable":true,"href":"https:\/\/visit-meknes.com\/fr\/wp-json\/wp\/v2\/comments?post=3026"}],"version-history":[{"count":1,"href":"https:\/\/visit-meknes.com\/fr\/wp-json\/wp\/v2\/posts\/3026\/revisions"}],"predecessor-version":[{"id":3028,"href":"https:\/\/visit-meknes.com\/fr\/wp-json\/wp\/v2\/posts\/3026\/revisions\/3028"}],"wp:featuredmedia":[{"embeddable":true,"href":"https:\/\/visit-meknes.com\/fr\/wp-json\/wp\/v2\/media\/3027"}],"wp:attachment":[{"href":"https:\/\/visit-meknes.com\/fr\/wp-json\/wp\/v2\/media?parent=3026"}],"wp:term":[{"taxonomy":"category","embeddable":true,"href":"https:\/\/visit-meknes.com\/fr\/wp-json\/wp\/v2\/categories?post=3026"},{"taxonomy":"post_tag","embeddable":true,"href":"https:\/\/visit-meknes.com\/fr\/wp-json\/wp\/v2\/tags?post=3026"}],"curies":[{"name":"wp","href":"https:\/\/api.w.org\/{rel}","templated":true}]}}