{"id":3023,"date":"2019-03-25T21:18:30","date_gmt":"2019-03-25T21:18:30","guid":{"rendered":"https:\/\/visit-meknes.com\/?p=3023"},"modified":"2019-03-25T21:18:30","modified_gmt":"2019-03-25T21:18:30","slug":"une-cinquantaine-de-courts-metrages-en-competition-officielle-au-festival-international-de-cinema-danimation","status":"publish","type":"post","link":"https:\/\/visit-meknes.com\/fr\/une-cinquantaine-de-courts-metrages-en-competition-officielle-au-festival-international-de-cinema-danimation\/","title":{"rendered":"Une cinquantaine de courts-m\u00e9trages en comp\u00e9tition officielle au Festival international de cin\u00e9ma d\u2019animation"},"content":{"rendered":"<p>La 18\u00e8me \u00e9dition du Festival international de cin\u00e9ma d\u2019animation de Mekn\u00e8s (FICAM) s\u2019est ouverte vendredi soir, avec la participation d\u2019une pl\u00e9iade de r\u00e9alisateurs et producteurs. Plac\u00e9e sous le Haut patronage de SM le Roi Mohammed VI, cette \u00e9dition verra la participation de 53 courts-m\u00e9trages en comp\u00e9tition officielle. Elle consacre un focus au cin\u00e9ma d&rsquo;animation espagnol, avec la pr\u00e9sence de grandes personnalit\u00e9s.<\/p>\n<p>S\u2019exprimant en ouverture de cette manifestation, la conseill\u00e8re de coop\u00e9ration \u00e0 l\u2019action culturelle \u00e0 l\u2019ambassade de France \u00e0 Rabat, Cl\u00e9lia Chevrier Kolacko, a soulign\u00e9 que le FICAM est devenu un rendez-vous majeur pour les professionnels mais aussi pour les amateurs et les amoureux du cin\u00e9ma d\u2019animation, pr\u00e9cisant que la 8\u00e8me \u00e9dition est arriv\u00e9e \u00e0 \u2018\u2019l\u2019\u00e2ge de maturit\u00e9\u2019\u2019.<\/p>\n<p>\u2018\u2019Une maturit\u00e9 qui permet au FICAM de faire partie des plus grands et d\u2019offrir \u00e0 ce titre \u00e0 la ville de Mekn\u00e8s un v\u00e9ritable rayonnement international\u2019\u2019, a-t-elle ajout\u00e9, notant que cela lui permet aussi de se pr\u00e9senter comme un \u2018\u2019exemple de r\u00e9ussite\u2019\u2019 de la coop\u00e9ration franco-marocaine. Mme Kolacko a aussi fait observer que \u2018\u2019le FICAM est une superbe coproduction franco-marocaine port\u00e9e depuis des ann\u00e9es par la Fondation A\u00efcha et l&rsquo;Institut fran\u00e7ais du Maroc et dont nous sommes particuli\u00e8rement fiers\u2019\u2019.<\/p>\n<p>De son c\u00f4t\u00e9, la directrice de l&rsquo;Institut fran\u00e7ais de Mekn\u00e8s, Lyliane Dos Santos, a soulign\u00e9 que \u2018\u2019l\u2019Institut fran\u00e7ais du Maroc tisse des liens qui b\u00e2tissent cet espace de coop\u00e9ration franco-marocaine avec les publics et les partenaires, \u00e0 travers des projets d\u2019accueil et de co-construction ou d\u2019\u00e9v\u00e9nements plus forts comme le FICAM\u2019\u2019. \u2018\u2019En 18 ans de partage nous arrivons \u00e0 l\u2019\u00e2ge de raison !\u2019\u2019, a-t-elle estim\u00e9, notant qu\u2019il s\u2019agit \u2018\u2019d\u2019un \u00e9v\u00e9nement \u00e0 Mekn\u00e8s qui fait conna\u00eetre la ville internationalement et qui joue un r\u00f4le sur le territoire du Royaume, notamment aupr\u00e8s des jeunes publics par le travail d\u2019\u00e9ducation \u00e0 l\u2019image ou l\u2019accompagnement de l\u2019\u00e9mergence des jeunes processionnels de demain\u2019\u2019. Mme Dos Santos a \u00e9galement soulign\u00e9 que la grande qualit\u00e9 de la programmation valorise et soutient le cin\u00e9ma d\u2019animation dans la production internationale pour un art universel. Le pr\u00e9sident de la Fondation A\u00efcha, Mardoch\u00e9e Devico, a quant \u00e0 lui, soulign\u00e9 que le FICAM s\u2019est assign\u00e9 comme objectif de promouvoir la ville de Mekn\u00e8s comme plateforme arabe et africaine du cin\u00e9ma d\u2019animation et de participer \u00e0 l\u2019\u00e9mergence de jeunes talents marocains. Il a aussi rappel\u00e9 que le FICAM est \u2018\u2019tr\u00e8s attendu\u2019\u2019 par les professionnels, les jeunes Marocains passionn\u00e9s du cin\u00e9ma d\u2019animation, les m\u00e9dias, ainsi que le grand public, pr\u00e9cisant que le Festival gagne d\u2019ann\u00e9e en ann\u00e9e plus de notori\u00e9t\u00e9, surtout aupr\u00e8s des \u00e9tudiants marocains des \u00e9coles d\u2019art et du cin\u00e9ma qui montrent un v\u00e9ritable engouement \u00e0 venir \u00e0 Mekn\u00e8s pour rencontrer les plus grands r\u00e9alisateurs du cin\u00e9ma d\u2019animation et participer aux ateliers de formation.<\/p>\n<p>La c\u00e9r\u00e9monie d\u2019ouverture a \u00e9t\u00e9 marqu\u00e9e par la remise du Grand prix A\u00efcha d\u2019animation au jeune Meknassi Anas Doujdid et un hommage \u00e0 Didier Brunner, producteur de films fran\u00e7ais.<\/p>\n<p>L\u2019\u00e9quipe du FICAM a re\u00e7u cette ann\u00e9e plus de 300 courts-m\u00e9trages d\u2019animation en provenance de 16 pays avec diff\u00e9rentes techniques d\u2019animation. Une participation record, qui traduit, selon les organisateurs, la fid\u00e9lit\u00e9 de prestigieuses institutions de l\u2019animation mondiale, dont la Poudri\u00e8re, les Gobelins, l\u2019Office national du film du Canada (ONF), l\u2019Acad\u00e9mie libanaise des Beaux-Arts de Beyrouth, Royal College of Art \u00e0 Londres et La Geidai (Tokyo university of Art). Pr\u00e9sid\u00e9 par Michael Dudok de Wit, r\u00e9alisateur n\u00e9erlandais (C\u00e9sar 1996 pour Le Moine et le Poisson, Oscar en 2001 pour P\u00e8re et fille et Prix Sp\u00e9cial un certain regard, Festival de Cannes, en 2016 pour La tortue rouge), le jury de la \u2018\u2019Courts Compet\u2019\u2019\u2019 comprend aussi Samia Akariou, com\u00e9dienne et sc\u00e9nariste marocaine et Marc du Pontavice, pr\u00e9sident de Xilam Animation (Oggy et les cafards, Sharko, Les Dalton).<\/p>\n","protected":false},"excerpt":{"rendered":"<p>La 18\u00e8me \u00e9dition du Festival international de cin\u00e9ma d\u2019animation de Mekn\u00e8s (FICAM) s\u2019est ouverte vendredi soir, avec la participation d\u2019une pl\u00e9iade de r\u00e9alisateurs et producteurs. Plac\u00e9e sous le Haut patronage de SM le Roi Mohammed VI, cette \u00e9dition verra la participation de 53 courts-m\u00e9trages en comp\u00e9tition officielle. Elle consacre un focus au cin\u00e9ma d&rsquo;animation espagnol,<\/p>\n","protected":false},"author":1,"featured_media":3024,"comment_status":"open","ping_status":"open","sticky":false,"template":"","format":"standard","meta":{"footnotes":""},"categories":[70,6],"tags":[],"_links":{"self":[{"href":"https:\/\/visit-meknes.com\/fr\/wp-json\/wp\/v2\/posts\/3023"}],"collection":[{"href":"https:\/\/visit-meknes.com\/fr\/wp-json\/wp\/v2\/posts"}],"about":[{"href":"https:\/\/visit-meknes.com\/fr\/wp-json\/wp\/v2\/types\/post"}],"author":[{"embeddable":true,"href":"https:\/\/visit-meknes.com\/fr\/wp-json\/wp\/v2\/users\/1"}],"replies":[{"embeddable":true,"href":"https:\/\/visit-meknes.com\/fr\/wp-json\/wp\/v2\/comments?post=3023"}],"version-history":[{"count":1,"href":"https:\/\/visit-meknes.com\/fr\/wp-json\/wp\/v2\/posts\/3023\/revisions"}],"predecessor-version":[{"id":3025,"href":"https:\/\/visit-meknes.com\/fr\/wp-json\/wp\/v2\/posts\/3023\/revisions\/3025"}],"wp:featuredmedia":[{"embeddable":true,"href":"https:\/\/visit-meknes.com\/fr\/wp-json\/wp\/v2\/media\/3024"}],"wp:attachment":[{"href":"https:\/\/visit-meknes.com\/fr\/wp-json\/wp\/v2\/media?parent=3023"}],"wp:term":[{"taxonomy":"category","embeddable":true,"href":"https:\/\/visit-meknes.com\/fr\/wp-json\/wp\/v2\/categories?post=3023"},{"taxonomy":"post_tag","embeddable":true,"href":"https:\/\/visit-meknes.com\/fr\/wp-json\/wp\/v2\/tags?post=3023"}],"curies":[{"name":"wp","href":"https:\/\/api.w.org\/{rel}","templated":true}]}}