{"id":2985,"date":"2019-01-31T22:17:24","date_gmt":"2019-01-31T22:17:24","guid":{"rendered":"https:\/\/visit-meknes.com\/?p=2985"},"modified":"2019-01-31T22:17:24","modified_gmt":"2019-01-31T22:17:24","slug":"le-festival-international-du-cinema-danimation-de-meknes-annonce-son-programme","status":"publish","type":"post","link":"https:\/\/visit-meknes.com\/fr\/le-festival-international-du-cinema-danimation-de-meknes-annonce-son-programme\/","title":{"rendered":"Le Festival international du cin\u00e9ma d\u2019animation de Mekn\u00e8s annonce son programme"},"content":{"rendered":"<p><strong>Un v\u00e9ritable soutien \u00e0 l\u2019\u00e9mergence de jeunes talents marocains<\/strong><\/p>\n<p>Plac\u00e9 sous le Haut patronage de Sa Majest\u00e9 le Roi Mohammed VI et organis\u00e9 par la Fondation A\u00efcha en partenariat avec l\u2019Institut fran\u00e7ais de Mekn\u00e8s, le FICAM (Festival international du cin\u00e9ma d\u2019animation de Mekn\u00e8s) annonce sa 18\u00e8me \u00e9dition du vendredi 22 au mercredi 27 mars 2019. Selon les organisateurs, ce rendez-vous annuel d\u2019exception du cin\u00e9ma d\u2019animation \u00abrevient cette ann\u00e9e encore avec une programmation exceptionnelle de films d\u2019animation internationaux et de rencontres conviviales entre professionnels et grand public\u00bb.<\/p>\n<p>En effet, trois comp\u00e9titions au programme sont annonc\u00e9es. La premi\u00e8re est le Grand prix Aicha de l\u2019animation qui en est \u00e0 sa 14\u00e8me \u00e9dition est un v\u00e9ritable soutien \u00e0 l\u2019\u00e9mergence de jeunes talents marocains. Il est dot\u00e9 d\u2019un prix de 50.000 dirhams. La deuxi\u00e8me est la comp\u00e9tition internationale du meilleur long-m\u00e9trage d\u2019animation, dont le grand prix dot\u00e9 de 2.000 euros est d\u00e9cern\u00e9 par un jury junior.<\/p>\n<p>Et enfin \u00abCourts Comp\u00e9t\u00bb, une comp\u00e9tition internationale des courts-m\u00e9trages d\u2019animation dont le Grand Prix est dot\u00e9 de 3000 euros. Il faut noter que l\u2019\u00e9quipe du FICAM a re\u00e7u plus de 300 courts-m\u00e9trages d\u2019animation en provenance de 16 pays avec diff\u00e9rentes techniques d\u2019animation. \u00abCette participation record traduit notamment la fid\u00e9lit\u00e9 de prestigieuses institutions de l\u2019animation mondiale : La Poudri\u00e8re, les Gobelins, l\u2019Office national du film du Canada (ONF), acad\u00e9mie libanaise des beaux-arts de Beyrouth, Royal College of Art \u00e0 Londres, La Geidai (Tokyo University of Art)\u2026\u00bb, expliquent-on.<\/p>\n<p>Le jury de pr\u00e9-s\u00e9lection de l\u2019\u00e9dition \u00abCourts Comp\u00e9t\u00bb 2019 \u00e9tait compos\u00e9 de Jihane Bougrine, journaliste et critique de cin\u00e9ma marocaine, Patrick Eveno, co-cr\u00e9ateur du studio Folimage et ex-directeur du Festival d\u2019Annecy en France, et Emilio de la Rosa, producteur et r\u00e9alisateur de films d\u2019animation espagnol. Ce jury a retenu 53 films r\u00e9partis en 5 programmes qui seront pr\u00e9sent\u00e9s lors du FICAM 2019 en comp\u00e9tition officielle, pr\u00e9sentant plus de 240 minutes de films. Quant au jury de la \u00abCourts Comp\u00e9t\u00bb, il sera pr\u00e9sid\u00e9 par Michael Dudok de Wit, r\u00e9alisateur n\u00e9erlandais. Il sera \u00e9galement compos\u00e9 de Samia Akariou, com\u00e9dienne et Marc du Pontavice, pr\u00e9sident de Xilam Animation.<\/p>\n<p><img loading=\"lazy\" decoding=\"async\" class=\"\" src=\"http:\/\/aujourdhui.ma\/wp-content\/uploads\/2016\/02\/logo-Aujourdhui-le-maroc.png?x29840\" alt=\"Aujourd'hui le Maroc\" width=\"107\" height=\"43\" \/><\/p>\n","protected":false},"excerpt":{"rendered":"<p>Un v\u00e9ritable soutien \u00e0 l\u2019\u00e9mergence de jeunes talents marocains Plac\u00e9 sous le Haut patronage de Sa Majest\u00e9 le Roi Mohammed VI et organis\u00e9 par la Fondation A\u00efcha en partenariat avec l\u2019Institut fran\u00e7ais de Mekn\u00e8s, le FICAM (Festival international du cin\u00e9ma d\u2019animation de Mekn\u00e8s) annonce sa 18\u00e8me \u00e9dition du vendredi 22 au mercredi 27 mars 2019.<\/p>\n","protected":false},"author":1,"featured_media":2986,"comment_status":"open","ping_status":"open","sticky":false,"template":"","format":"standard","meta":{"footnotes":""},"categories":[6],"tags":[],"_links":{"self":[{"href":"https:\/\/visit-meknes.com\/fr\/wp-json\/wp\/v2\/posts\/2985"}],"collection":[{"href":"https:\/\/visit-meknes.com\/fr\/wp-json\/wp\/v2\/posts"}],"about":[{"href":"https:\/\/visit-meknes.com\/fr\/wp-json\/wp\/v2\/types\/post"}],"author":[{"embeddable":true,"href":"https:\/\/visit-meknes.com\/fr\/wp-json\/wp\/v2\/users\/1"}],"replies":[{"embeddable":true,"href":"https:\/\/visit-meknes.com\/fr\/wp-json\/wp\/v2\/comments?post=2985"}],"version-history":[{"count":1,"href":"https:\/\/visit-meknes.com\/fr\/wp-json\/wp\/v2\/posts\/2985\/revisions"}],"predecessor-version":[{"id":2987,"href":"https:\/\/visit-meknes.com\/fr\/wp-json\/wp\/v2\/posts\/2985\/revisions\/2987"}],"wp:featuredmedia":[{"embeddable":true,"href":"https:\/\/visit-meknes.com\/fr\/wp-json\/wp\/v2\/media\/2986"}],"wp:attachment":[{"href":"https:\/\/visit-meknes.com\/fr\/wp-json\/wp\/v2\/media?parent=2985"}],"wp:term":[{"taxonomy":"category","embeddable":true,"href":"https:\/\/visit-meknes.com\/fr\/wp-json\/wp\/v2\/categories?post=2985"},{"taxonomy":"post_tag","embeddable":true,"href":"https:\/\/visit-meknes.com\/fr\/wp-json\/wp\/v2\/tags?post=2985"}],"curies":[{"name":"wp","href":"https:\/\/api.w.org\/{rel}","templated":true}]}}